{"id":9403,"date":"2026-04-30T11:59:18","date_gmt":"2026-04-30T14:59:18","guid":{"rendered":"https:\/\/dicasempregos.cidadesbr.net.br\/vagas\/2026\/04\/30\/monte-looks-elegantes-assim-que-voce-vai-ser-a-mais-bonita-no-trabalho%f0%9f%92%bc\/"},"modified":"2026-04-30T11:59:18","modified_gmt":"2026-04-30T14:59:18","slug":"monte-looks-elegantes-assim-que-voce-vai-ser-a-mais-bonita-no-trabalho%f0%9f%92%bc","status":"publish","type":"post","link":"https:\/\/dicasempregos.cidadesbr.net.br\/vagas\/2026\/04\/30\/monte-looks-elegantes-assim-que-voce-vai-ser-a-mais-bonita-no-trabalho%f0%9f%92%bc\/","title":{"rendered":"Monte Looks Elegantes Assim, Que voc\u00ea vai ser a Mais Bonita no Trabalho\ud83d\udcbc"},"content":{"rendered":"<p><iframe loading=\"lazy\" width=\"580\" height=\"385\" src=\"https:\/\/www.youtube.com\/embed\/XVN5asfIjE4?modestbranding=1\" frameborder=\"0\" allowfullscreen><\/iframe><br \/>\n<br \/>\ud83d\udcbc Looks Elegantes para o Trabalho \u2013 Estilo e Profissionalismo!<\/p>\n<p>Quer se vestir bem no ambiente corporativo sem abrir m\u00e3o da eleg\u00e2ncia? Aqui est\u00e3o os segredos! \u2728<\/p>\n<p>\ud83d\udc57 Alfaiataria \u00e9 indispens\u00e1vel \u2013 cal\u00e7as de corte reto, blazers bem ajustados e camisas sofisticadas elevam o look instantaneamente.<br \/>\n\ud83c\udfa8 Cores neutras e tons sofisticados \u2013 bege, cinza, preto, marinho e vinho garantem classe e versatilidade.<br \/>\n\ud83d\udc60 Sapatos refinados fazem a diferen\u00e7a \u2013 scarpins, mocassins e sapatilhas estruturadas completam o visual com sofistica\u00e7\u00e3o.<br \/>\n\ud83d\udc5c Menos \u00e9 mais nos acess\u00f3rios \u2013 rel\u00f3gio delicado, brincos pequenos e bolsas estruturadas finalizam o look com equil\u00edbrio.<\/p>\n<p>Siga essas <a href=\"https:\/\/dicasempregos.cidadesbr.net.br\/vagas\/2019\/11\/14\/dicas-do-linkedin-sobre-o-uso-da-plataforma-na-area-da-saude\/\" data-seo-automated-link-building=\"3\" title=\"Dicas do LinkedIn sobre o uso da plataforma na \u00e1rea da sa\u00fade\">dicas<\/a> e transforme seu estilo profissional com classe e modernidade! \ud83d\udcbc\u2728<\/p>\n<p>#ModaCorporativa #LookProfissional #MulherElegante #EstiloNoTrabalho<br \/><\/p>\n","protected":false},"excerpt":{"rendered":"<p>\ud83d\udcbc Looks Elegantes para o Trabalho \u2013 Estilo e Profissionalismo! Quer se vestir bem no ambiente corporativo sem abrir m\u00e3o da eleg\u00e2ncia? Aqui est\u00e3o os segredos! \u2728 \ud83d\udc57 Alfaiataria \u00e9 indispens\u00e1vel \u2013 cal\u00e7as de corte reto, blazers bem ajustados e camisas sofisticadas elevam o look instantaneamente. \ud83c\udfa8 Cores neutras e tons sofisticados \u2013 bege, cinza, &hellip;<\/p>\n<p class=\"read-more\"> <a class=\"\" href=\"https:\/\/dicasempregos.cidadesbr.net.br\/vagas\/2026\/04\/30\/monte-looks-elegantes-assim-que-voce-vai-ser-a-mais-bonita-no-trabalho%f0%9f%92%bc\/\"> <span class=\"screen-reader-text\">Monte Looks Elegantes Assim, Que voc\u00ea vai ser a Mais Bonita no Trabalho\ud83d\udcbc<\/span> Ler Mais &#8220;<\/a><\/p>\n","protected":false},"author":1,"featured_media":9404,"comment_status":"open","ping_status":"open","sticky":false,"template":"","format":"standard","meta":{"site-sidebar-layout":"default","site-content-layout":"default","ast-global-header-display":"","ast-main-header-display":"","ast-hfb-above-header-display":"","ast-hfb-below-header-display":"","ast-hfb-mobile-header-display":"","site-post-title":"","ast-breadcrumbs-content":"","ast-featured-img":"","footer-sml-layout":"","theme-transparent-header-meta":"","adv-header-id-meta":"","stick-header-meta":"","header-above-stick-meta":"","header-main-stick-meta":"","header-below-stick-meta":""},"categories":[2],"tags":[8447,20032,20031,2206,7100,2313,9,2459,1484],"_links":{"self":[{"href":"https:\/\/dicasempregos.cidadesbr.net.br\/vagas\/wp-json\/wp\/v2\/posts\/9403"}],"collection":[{"href":"https:\/\/dicasempregos.cidadesbr.net.br\/vagas\/wp-json\/wp\/v2\/posts"}],"about":[{"href":"https:\/\/dicasempregos.cidadesbr.net.br\/vagas\/wp-json\/wp\/v2\/types\/post"}],"author":[{"embeddable":true,"href":"https:\/\/dicasempregos.cidadesbr.net.br\/vagas\/wp-json\/wp\/v2\/users\/1"}],"replies":[{"embeddable":true,"href":"https:\/\/dicasempregos.cidadesbr.net.br\/vagas\/wp-json\/wp\/v2\/comments?post=9403"}],"version-history":[{"count":0,"href":"https:\/\/dicasempregos.cidadesbr.net.br\/vagas\/wp-json\/wp\/v2\/posts\/9403\/revisions"}],"wp:featuredmedia":[{"embeddable":true,"href":"https:\/\/dicasempregos.cidadesbr.net.br\/vagas\/wp-json\/wp\/v2\/media\/9404"}],"wp:attachment":[{"href":"https:\/\/dicasempregos.cidadesbr.net.br\/vagas\/wp-json\/wp\/v2\/media?parent=9403"}],"wp:term":[{"taxonomy":"category","embeddable":true,"href":"https:\/\/dicasempregos.cidadesbr.net.br\/vagas\/wp-json\/wp\/v2\/categories?post=9403"},{"taxonomy":"post_tag","embeddable":true,"href":"https:\/\/dicasempregos.cidadesbr.net.br\/vagas\/wp-json\/wp\/v2\/tags?post=9403"}],"curies":[{"name":"wp","href":"https:\/\/api.w.org\/{rel}","templated":true}]}}