{"id":9399,"date":"2026-04-29T11:55:52","date_gmt":"2026-04-29T14:55:52","guid":{"rendered":"https:\/\/dicasempregos.cidadesbr.net.br\/vagas\/2026\/04\/29\/como-falar-seus-defeitos-e-qualidades-na-entrevista-de-emprego\/"},"modified":"2026-04-29T11:55:52","modified_gmt":"2026-04-29T14:55:52","slug":"como-falar-seus-defeitos-e-qualidades-na-entrevista-de-emprego","status":"publish","type":"post","link":"https:\/\/dicasempregos.cidadesbr.net.br\/vagas\/2026\/04\/29\/como-falar-seus-defeitos-e-qualidades-na-entrevista-de-emprego\/","title":{"rendered":"Como Falar seus Defeitos e Qualidades na Entrevista de Emprego"},"content":{"rendered":"<p><iframe loading=\"lazy\" width=\"580\" height=\"385\" src=\"https:\/\/www.youtube.com\/embed\/kTyZuH6kumk?modestbranding=1\" frameborder=\"0\" allowfullscreen><\/iframe><br \/>\n<br \/>#jovemaprendiz #primeiroemprego<\/p>\n<p>Uma coisa \u00e9 certa, se voc\u00ea quer conseguir um primeiro seo-automated-<a href=\"https:\/\/dicasempregos.cidadesbr.net.br\/vagas\/2019\/11\/14\/dicas-do-linkedin-sobre-o-uso-da-plataforma-na-area-da-saude\/\" data-seo-automated-link-building=\"3\" title=\"Dicas do LinkedIn sobre o uso da plataforma na \u00e1rea da sa\u00fade\">link<\/a>-building-1, ter\u00e1 que enfrentar essa pergunta na <a href=\"https:\/\/dicasempregos.cidadesbr.net.br\/vagas\/2019\/11\/24\/o-que-nao-fazer-em-uma-entrevista-de-emprego\/\" data-seo-automated-link-building=\"2\" title=\"O QUE N\u00c3O FAZER EM UMA ENTREVISTA DE EMPREGO!\">entrevista<\/a>: fale seus defeitos e suas qualidades. Voc\u00ea se sente pronto para responder? Neste v\u00eddeo, eu falo <a href=\"https:\/\/dicasempregos.cidadesbr.net.br\/vagas\/2019\/11\/26\/como-montar-curriculo-pelo-aplicativo\/\" data-seo-automated-link-building=\"4\" title=\"Como montar curr\u00edculo pelo aplicativo\">como<\/a> eu responderia a cada uma dessas perguntas. <\/p>\n<p>[BLOG]<\/p>\n<p>[GRUPO EXCLUSIVO NO TELEGRAM]<\/p>\n<p>[REDES SOCIAIS MEU PRIMEIRO EMPREGO]<\/p>\n<p>&#8212;<br \/>\nD\u00favidas, parcerias, publicidade, sugest\u00f5es:<br \/>\ncontato@meu1emprego.com.br<br \/><\/p>\n","protected":false},"excerpt":{"rendered":"<p>#jovemaprendiz #primeiroemprego Uma coisa \u00e9 certa, se voc\u00ea quer conseguir um primeiro seo-automated-link-building-1, ter\u00e1 que enfrentar essa pergunta na entrevista: fale seus defeitos e suas qualidades. Voc\u00ea se sente pronto para responder? Neste v\u00eddeo, eu falo como eu responderia a cada uma dessas perguntas. [BLOG] [GRUPO EXCLUSIVO NO TELEGRAM] [REDES SOCIAIS MEU PRIMEIRO EMPREGO] &#8212; &hellip;<\/p>\n<p class=\"read-more\"> <a class=\"\" href=\"https:\/\/dicasempregos.cidadesbr.net.br\/vagas\/2026\/04\/29\/como-falar-seus-defeitos-e-qualidades-na-entrevista-de-emprego\/\"> <span class=\"screen-reader-text\">Como Falar seus Defeitos e Qualidades na Entrevista de Emprego<\/span> Ler Mais &#8220;<\/a><\/p>\n","protected":false},"author":1,"featured_media":9400,"comment_status":"open","ping_status":"open","sticky":false,"template":"","format":"standard","meta":{"site-sidebar-layout":"default","site-content-layout":"default","ast-global-header-display":"","ast-main-header-display":"","ast-hfb-above-header-display":"","ast-hfb-below-header-display":"","ast-hfb-mobile-header-display":"","site-post-title":"","ast-breadcrumbs-content":"","ast-featured-img":"","footer-sml-layout":"","theme-transparent-header-meta":"","adv-header-id-meta":"","stick-header-meta":"","header-above-stick-meta":"","header-main-stick-meta":"","header-below-stick-meta":""},"categories":[2],"tags":[144,602,2126,6,5,2418,2164,11261,2394],"_links":{"self":[{"href":"https:\/\/dicasempregos.cidadesbr.net.br\/vagas\/wp-json\/wp\/v2\/posts\/9399"}],"collection":[{"href":"https:\/\/dicasempregos.cidadesbr.net.br\/vagas\/wp-json\/wp\/v2\/posts"}],"about":[{"href":"https:\/\/dicasempregos.cidadesbr.net.br\/vagas\/wp-json\/wp\/v2\/types\/post"}],"author":[{"embeddable":true,"href":"https:\/\/dicasempregos.cidadesbr.net.br\/vagas\/wp-json\/wp\/v2\/users\/1"}],"replies":[{"embeddable":true,"href":"https:\/\/dicasempregos.cidadesbr.net.br\/vagas\/wp-json\/wp\/v2\/comments?post=9399"}],"version-history":[{"count":0,"href":"https:\/\/dicasempregos.cidadesbr.net.br\/vagas\/wp-json\/wp\/v2\/posts\/9399\/revisions"}],"wp:featuredmedia":[{"embeddable":true,"href":"https:\/\/dicasempregos.cidadesbr.net.br\/vagas\/wp-json\/wp\/v2\/media\/9400"}],"wp:attachment":[{"href":"https:\/\/dicasempregos.cidadesbr.net.br\/vagas\/wp-json\/wp\/v2\/media?parent=9399"}],"wp:term":[{"taxonomy":"category","embeddable":true,"href":"https:\/\/dicasempregos.cidadesbr.net.br\/vagas\/wp-json\/wp\/v2\/categories?post=9399"},{"taxonomy":"post_tag","embeddable":true,"href":"https:\/\/dicasempregos.cidadesbr.net.br\/vagas\/wp-json\/wp\/v2\/tags?post=9399"}],"curies":[{"name":"wp","href":"https:\/\/api.w.org\/{rel}","templated":true}]}}