{"id":9289,"date":"2026-03-30T13:14:01","date_gmt":"2026-03-30T16:14:01","guid":{"rendered":"https:\/\/dicasempregos.cidadesbr.net.br\/vagas\/2026\/03\/30\/st-como-usar-o-linkedin-e-outras-dicas-para-se-destacar-em-processos-seletivos\/"},"modified":"2026-03-30T13:14:01","modified_gmt":"2026-03-30T16:14:01","slug":"st-como-usar-o-linkedin-e-outras-dicas-para-se-destacar-em-processos-seletivos","status":"publish","type":"post","link":"https:\/\/dicasempregos.cidadesbr.net.br\/vagas\/2026\/03\/30\/st-como-usar-o-linkedin-e-outras-dicas-para-se-destacar-em-processos-seletivos\/","title":{"rendered":"ST &#8211;  Como usar o linkedin e outras dicas para se destacar em processos seletivos."},"content":{"rendered":"<p><iframe loading=\"lazy\" width=\"580\" height=\"385\" src=\"https:\/\/www.youtube.com\/embed\/RLz6B6gFeaI?modestbranding=1\" frameborder=\"0\" allowfullscreen><\/iframe><br \/>\n<br \/>Semana de Talentos &#8211;  <a href=\"https:\/\/dicasempregos.cidadesbr.net.br\/vagas\/2019\/11\/26\/como-montar-curriculo-pelo-aplicativo\/\" data-seo-automated-link-building=\"4\" title=\"Como montar curr\u00edculo pelo aplicativo\">Como<\/a> usar o linkedin e outras <a href=\"https:\/\/dicasempregos.cidadesbr.net.br\/vagas\/2019\/11\/14\/dicas-do-linkedin-sobre-o-uso-da-plataforma-na-area-da-saude\/\" data-seo-automated-link-building=\"3\" title=\"Dicas do LinkedIn sobre o uso da plataforma na \u00e1rea da sa\u00fade\">dicas<\/a> para se destacar em processos seletivos.<\/p>\n<p>Palestrante: Sueli Loddi<\/p>\n<p>Bacharel em Matem\u00e1tica com \u00canfase em An\u00e1lise de Sistemas pelo Centro Universit\u00e1rio Funda\u00e7\u00e3o Santo Andr\u00e9 (1994). Mestre em Administra\u00e7\u00e3o pela Universidade Municipal de S\u00e3o Caetano do Sul (2006). P\u00f3s-graduada Lato Sensu pelo Programa de Implementa\u00e7\u00e3o, Gest\u00e3o e Administra\u00e7\u00e3o de Educa\u00e7\u00e3o a Dist\u00e2ncia (PIGEAD) da Universidade Federal Fluminense (UFF) via UaB (2019). MBA em Data Science e Analytics (2025). MBA em Intelig\u00eancia Artificial Aplicada aos Neg\u00f3cios (em curso). Consultora em Desenvolvimento\/Implanta\u00e7\u00e3o de Software no Brasil e Am\u00e9rica Latina de 1994 a 2015. Professora presencial titular concursada no Centro Universit\u00e1rio Funda\u00e7\u00e3o Santo Andr\u00e9 (desde 2007) e no Centro Estadual de Educa\u00e7\u00e3o Tecnol\u00f3gica Paula Souza (Fatec, desde 2005). Atua como mediadora on-line e respons\u00e1vel por disciplina no EaD de Gest\u00e3o Empresarial do Centro Paula Souza. Professora Autora do MBA FSA (2023\/2024). Certificada Azure AZ-900 (2022) e AI for Youth da Intel (2022).<br \/><\/p>\n","protected":false},"excerpt":{"rendered":"<p>Semana de Talentos &#8211; Como usar o linkedin e outras dicas para se destacar em processos seletivos. Palestrante: Sueli Loddi Bacharel em Matem\u00e1tica com \u00canfase em An\u00e1lise de Sistemas pelo Centro Universit\u00e1rio Funda\u00e7\u00e3o Santo Andr\u00e9 (1994). Mestre em Administra\u00e7\u00e3o pela Universidade Municipal de S\u00e3o Caetano do Sul (2006). P\u00f3s-graduada Lato Sensu pelo Programa de Implementa\u00e7\u00e3o, &hellip;<\/p>\n<p class=\"read-more\"> <a class=\"\" href=\"https:\/\/dicasempregos.cidadesbr.net.br\/vagas\/2026\/03\/30\/st-como-usar-o-linkedin-e-outras-dicas-para-se-destacar-em-processos-seletivos\/\"> <span class=\"screen-reader-text\">ST &#8211;  Como usar o linkedin e outras dicas para se destacar em processos seletivos.<\/span> Ler Mais &#8220;<\/a><\/p>\n","protected":false},"author":1,"featured_media":9290,"comment_status":"open","ping_status":"open","sticky":false,"template":"","format":"standard","meta":{"site-sidebar-layout":"default","site-content-layout":"default","ast-global-header-display":"","ast-main-header-display":"","ast-hfb-above-header-display":"","ast-hfb-below-header-display":"","ast-hfb-mobile-header-display":"","site-post-title":"","ast-breadcrumbs-content":"","ast-featured-img":"","footer-sml-layout":"","theme-transparent-header-meta":"","adv-header-id-meta":"","stick-header-meta":"","header-above-stick-meta":"","header-main-stick-meta":"","header-below-stick-meta":""},"categories":[2],"tags":[144,3440,15,1047,855,2650,1045,8803,604,9042,19942,2228],"_links":{"self":[{"href":"https:\/\/dicasempregos.cidadesbr.net.br\/vagas\/wp-json\/wp\/v2\/posts\/9289"}],"collection":[{"href":"https:\/\/dicasempregos.cidadesbr.net.br\/vagas\/wp-json\/wp\/v2\/posts"}],"about":[{"href":"https:\/\/dicasempregos.cidadesbr.net.br\/vagas\/wp-json\/wp\/v2\/types\/post"}],"author":[{"embeddable":true,"href":"https:\/\/dicasempregos.cidadesbr.net.br\/vagas\/wp-json\/wp\/v2\/users\/1"}],"replies":[{"embeddable":true,"href":"https:\/\/dicasempregos.cidadesbr.net.br\/vagas\/wp-json\/wp\/v2\/comments?post=9289"}],"version-history":[{"count":0,"href":"https:\/\/dicasempregos.cidadesbr.net.br\/vagas\/wp-json\/wp\/v2\/posts\/9289\/revisions"}],"wp:featuredmedia":[{"embeddable":true,"href":"https:\/\/dicasempregos.cidadesbr.net.br\/vagas\/wp-json\/wp\/v2\/media\/9290"}],"wp:attachment":[{"href":"https:\/\/dicasempregos.cidadesbr.net.br\/vagas\/wp-json\/wp\/v2\/media?parent=9289"}],"wp:term":[{"taxonomy":"category","embeddable":true,"href":"https:\/\/dicasempregos.cidadesbr.net.br\/vagas\/wp-json\/wp\/v2\/categories?post=9289"},{"taxonomy":"post_tag","embeddable":true,"href":"https:\/\/dicasempregos.cidadesbr.net.br\/vagas\/wp-json\/wp\/v2\/tags?post=9289"}],"curies":[{"name":"wp","href":"https:\/\/api.w.org\/{rel}","templated":true}]}}