{"id":9046,"date":"2026-01-28T08:57:31","date_gmt":"2026-01-28T11:57:31","guid":{"rendered":"https:\/\/dicasempregos.cidadesbr.net.br\/vagas\/2026\/01\/28\/objetivo-claro-curriculo-forte-carreiraemti-vagasti\/"},"modified":"2026-01-28T08:57:31","modified_gmt":"2026-01-28T11:57:31","slug":"objetivo-claro-curriculo-forte-carreiraemti-vagasti","status":"publish","type":"post","link":"https:\/\/dicasempregos.cidadesbr.net.br\/vagas\/2026\/01\/28\/objetivo-claro-curriculo-forte-carreiraemti-vagasti\/","title":{"rendered":"Objetivo claro = curr\u00edculo forte #carreiraemti #vagasti"},"content":{"rendered":"<p><iframe loading=\"lazy\" width=\"580\" height=\"385\" src=\"https:\/\/www.youtube.com\/embed\/V-20__Xfij0?modestbranding=1\" frameborder=\"0\" allowfullscreen><\/iframe><br \/>\n<br \/>Se voc\u00ea ainda escreve \u201catuar na empresa para crescer profissionalmente\u201d, repensa esse objetivo a\u00ed. Te ensino o que FUNCIONA!<\/p>\n<p>**\ud83d\udd17 Conecte-se comigo:**<br \/>\n* LinkedIn:<br \/>\n* GitHub:<br \/>\n* Conte\u00fado di\u00e1rio (Threads):  <\/p>\n<p>**\ud83d\udd25 Quer um acompanhamento individualizado para decolar sua carreira em TI?**<\/p>\n<p>Se voc\u00ea busca uma orienta\u00e7\u00e3o personalizada para alcan\u00e7ar seus objetivos mais rapidamente, conhe\u00e7a o meu programa de **Mentoria Individual para Carreira em TI**. Entre em contato atrav\u00e9s das minhas redes sociais ou deixe um coment\u00e1rio neste v\u00eddeo para saber mais!<\/p>\n<p>**\ud83d\udc4d Gostou do v\u00eddeo?** Deixe seu LIKE para me ajudar a trazer mais conte\u00fado <a href=\"https:\/\/dicasempregos.cidadesbr.net.br\/vagas\/2019\/11\/26\/como-montar-curriculo-pelo-aplicativo\/\" data-seo-automated-link-building=\"4\" title=\"Como montar curr\u00edculo pelo aplicativo\">como<\/a> este!<\/p>\n<p>**\ud83d\udd14 Inscreva-se no canal @danielcarneirotech** para seo-automated-<a href=\"https:\/\/dicasempregos.cidadesbr.net.br\/vagas\/2019\/11\/14\/dicas-do-linkedin-sobre-o-uso-da-plataforma-na-area-da-saude\/\" data-seo-automated-link-building=\"3\" title=\"Dicas do LinkedIn sobre o uso da plataforma na \u00e1rea da sa\u00fade\">link<\/a>-building-1 perder as pr\u00f3ximas dicas e tutoriais para voc\u00ea crescer na \u00e1rea de TI!<\/p>\n<p>**\ud83d\udcac Deixe seu COMENT\u00c1RIO abaixo** com suas d\u00favidas e sugest\u00f5es de pr\u00f3ximos v\u00eddeos!<\/p>\n<p>#primeiroempregoTI #primeiroempregoPrograma\u00e7\u00e3o #carreiraTIIniciante #comoConseguirEmpregoTI #vagasTIIniciante #est\u00e1gioTI #aprenderProgramar #programa\u00e7\u00e3oIniciantes #guiaCarreiraTI #mentorTIIniciante #professorTIIniciante #desenvolvimentoCarreiraTI #dicasTIIniciante #comoEntrarNaAreaDeTI #come\u00e7arNaPrograma\u00e7\u00e3o #mercadoTrabalhoTIIniciantes #portf\u00f3lioTIIniciantes #entrevistaEmpregoTIIniciantes #oQueEstudarParaTI #passosPrimeiroEmpregoTI #danielcarneirotech #@danielcarneirotech<br \/><\/p>\n","protected":false},"excerpt":{"rendered":"<p>Se voc\u00ea ainda escreve \u201catuar na empresa para crescer profissionalmente\u201d, repensa esse objetivo a\u00ed. Te ensino o que FUNCIONA! **\ud83d\udd17 Conecte-se comigo:** * LinkedIn: * GitHub: * Conte\u00fado di\u00e1rio (Threads): **\ud83d\udd25 Quer um acompanhamento individualizado para decolar sua carreira em TI?** Se voc\u00ea busca uma orienta\u00e7\u00e3o personalizada para alcan\u00e7ar seus objetivos mais rapidamente, conhe\u00e7a o &hellip;<\/p>\n<p class=\"read-more\"> <a class=\"\" href=\"https:\/\/dicasempregos.cidadesbr.net.br\/vagas\/2026\/01\/28\/objetivo-claro-curriculo-forte-carreiraemti-vagasti\/\"> <span class=\"screen-reader-text\">Objetivo claro = curr\u00edculo forte #carreiraemti #vagasti<\/span> Ler Mais &#8220;<\/a><\/p>\n","protected":false},"author":1,"featured_media":9047,"comment_status":"open","ping_status":"open","sticky":false,"template":"","format":"standard","meta":{"site-sidebar-layout":"default","site-content-layout":"default","ast-global-header-display":"","ast-main-header-display":"","ast-hfb-above-header-display":"","ast-hfb-below-header-display":"","ast-hfb-mobile-header-display":"","site-post-title":"","ast-breadcrumbs-content":"","ast-featured-img":"","footer-sml-layout":"","theme-transparent-header-meta":"","adv-header-id-meta":"","stick-header-meta":"","header-above-stick-meta":"","header-main-stick-meta":"","header-below-stick-meta":""},"categories":[2],"tags":[19698,19697,54,5375,2624,19699],"_links":{"self":[{"href":"https:\/\/dicasempregos.cidadesbr.net.br\/vagas\/wp-json\/wp\/v2\/posts\/9046"}],"collection":[{"href":"https:\/\/dicasempregos.cidadesbr.net.br\/vagas\/wp-json\/wp\/v2\/posts"}],"about":[{"href":"https:\/\/dicasempregos.cidadesbr.net.br\/vagas\/wp-json\/wp\/v2\/types\/post"}],"author":[{"embeddable":true,"href":"https:\/\/dicasempregos.cidadesbr.net.br\/vagas\/wp-json\/wp\/v2\/users\/1"}],"replies":[{"embeddable":true,"href":"https:\/\/dicasempregos.cidadesbr.net.br\/vagas\/wp-json\/wp\/v2\/comments?post=9046"}],"version-history":[{"count":0,"href":"https:\/\/dicasempregos.cidadesbr.net.br\/vagas\/wp-json\/wp\/v2\/posts\/9046\/revisions"}],"wp:featuredmedia":[{"embeddable":true,"href":"https:\/\/dicasempregos.cidadesbr.net.br\/vagas\/wp-json\/wp\/v2\/media\/9047"}],"wp:attachment":[{"href":"https:\/\/dicasempregos.cidadesbr.net.br\/vagas\/wp-json\/wp\/v2\/media?parent=9046"}],"wp:term":[{"taxonomy":"category","embeddable":true,"href":"https:\/\/dicasempregos.cidadesbr.net.br\/vagas\/wp-json\/wp\/v2\/categories?post=9046"},{"taxonomy":"post_tag","embeddable":true,"href":"https:\/\/dicasempregos.cidadesbr.net.br\/vagas\/wp-json\/wp\/v2\/tags?post=9046"}],"curies":[{"name":"wp","href":"https:\/\/api.w.org\/{rel}","templated":true}]}}