{"id":7965,"date":"2024-11-18T11:55:19","date_gmt":"2024-11-18T14:55:19","guid":{"rendered":"https:\/\/dicasempregos.cidadesbr.net.br\/vagas\/2024\/11\/18\/aqui-tem-vaga-paulo-ferreira-preparador-de-palestrantes-e-terapeuta\/"},"modified":"2024-11-18T11:55:19","modified_gmt":"2024-11-18T14:55:19","slug":"aqui-tem-vaga-paulo-ferreira-preparador-de-palestrantes-e-terapeuta","status":"publish","type":"post","link":"https:\/\/dicasempregos.cidadesbr.net.br\/vagas\/2024\/11\/18\/aqui-tem-vaga-paulo-ferreira-preparador-de-palestrantes-e-terapeuta\/","title":{"rendered":"Aqui tem Vaga &#8211; Paulo Ferreira, Preparador de Palestrantes e Terapeuta"},"content":{"rendered":"<p><iframe loading=\"lazy\" width=\"580\" height=\"385\" src=\"https:\/\/www.youtube.com\/embed\/tw6R-v9b-jk?modestbranding=1\" frameborder=\"0\" allowfullscreen><\/iframe><br \/>\n<br \/>O programa Aqui Tem seo-automated-<a href=\"https:\/\/dicasempregos.cidadesbr.net.br\/vagas\/2019\/11\/14\/dicas-do-linkedin-sobre-o-uso-da-plataforma-na-area-da-saude\/\" data-seo-automated-link-building=\"3\" title=\"Dicas do LinkedIn sobre o uso da plataforma na \u00e1rea da sa\u00fade\">link<\/a>-building-1 desta s\u00e1bado recebe Paulo Ferreira, preparador de palestrantes e terapeuta. O especialista fala sobre comunica\u00e7\u00e3o no mercado de trabalho e dicas para <a href=\"https:\/\/dicasempregos.cidadesbr.net.br\/vagas\/2019\/11\/24\/o-que-nao-fazer-em-uma-entrevista-de-emprego\/\" data-seo-automated-link-building=\"2\" title=\"O QUE N\u00c3O FAZER EM UMA ENTREVISTA DE EMPREGO!\">entrevista<\/a> de emprego. A apresenta\u00e7\u00e3o \u00e9 de Lenny Leone.<\/p>\n<p>Mais not\u00edcias no site bandnewstv.com.br<\/p>\n<p>Canal Principal \u27a4  @BandJornalismo<br \/>\n\ud83d\udcf1 Redes sociais:<br \/>\n\ud83d\udcf8 Instagram: \/bandjornalismo<br \/>\n\ud83d\udc26Twitter: \/BandJornalismo<br \/>\n\u27a1\ufe0f TikTok: \/bandjornalismo<br \/>\n\ud83d\udd35 Facebook: \/bandjornalismo<br \/>\n\ud83d\udfe0 Kwai: \/bandjornalismo<br \/><\/p>\n","protected":false},"excerpt":{"rendered":"<p>O programa Aqui Tem seo-automated-link-building-1 desta s\u00e1bado recebe Paulo Ferreira, preparador de palestrantes e terapeuta. O especialista fala sobre comunica\u00e7\u00e3o no mercado de trabalho e dicas para entrevista de emprego. A apresenta\u00e7\u00e3o \u00e9 de Lenny Leone. Mais not\u00edcias no site bandnewstv.com.br Canal Principal \u27a4 @BandJornalismo \ud83d\udcf1 Redes sociais: \ud83d\udcf8 Instagram: \/bandjornalismo \ud83d\udc26Twitter: \/BandJornalismo \u27a1\ufe0f TikTok: &hellip;<\/p>\n<p class=\"read-more\"> <a class=\"\" href=\"https:\/\/dicasempregos.cidadesbr.net.br\/vagas\/2024\/11\/18\/aqui-tem-vaga-paulo-ferreira-preparador-de-palestrantes-e-terapeuta\/\"> <span class=\"screen-reader-text\">Aqui tem Vaga &#8211; Paulo Ferreira, Preparador de Palestrantes e Terapeuta<\/span> Ler Mais &#8220;<\/a><\/p>\n","protected":false},"author":1,"featured_media":7966,"comment_status":"open","ping_status":"open","sticky":false,"template":"","format":"standard","meta":{"site-sidebar-layout":"default","site-content-layout":"default","ast-global-header-display":"","ast-main-header-display":"","ast-hfb-above-header-display":"","ast-hfb-below-header-display":"","ast-hfb-mobile-header-display":"","site-post-title":"","ast-breadcrumbs-content":"","ast-featured-img":"","footer-sml-layout":"","theme-transparent-header-meta":"","adv-header-id-meta":"","stick-header-meta":"","header-above-stick-meta":"","header-main-stick-meta":"","header-below-stick-meta":""},"categories":[2],"tags":[9124,602,2301,18556,2403,18555,4550,18557,342],"_links":{"self":[{"href":"https:\/\/dicasempregos.cidadesbr.net.br\/vagas\/wp-json\/wp\/v2\/posts\/7965"}],"collection":[{"href":"https:\/\/dicasempregos.cidadesbr.net.br\/vagas\/wp-json\/wp\/v2\/posts"}],"about":[{"href":"https:\/\/dicasempregos.cidadesbr.net.br\/vagas\/wp-json\/wp\/v2\/types\/post"}],"author":[{"embeddable":true,"href":"https:\/\/dicasempregos.cidadesbr.net.br\/vagas\/wp-json\/wp\/v2\/users\/1"}],"replies":[{"embeddable":true,"href":"https:\/\/dicasempregos.cidadesbr.net.br\/vagas\/wp-json\/wp\/v2\/comments?post=7965"}],"version-history":[{"count":0,"href":"https:\/\/dicasempregos.cidadesbr.net.br\/vagas\/wp-json\/wp\/v2\/posts\/7965\/revisions"}],"wp:featuredmedia":[{"embeddable":true,"href":"https:\/\/dicasempregos.cidadesbr.net.br\/vagas\/wp-json\/wp\/v2\/media\/7966"}],"wp:attachment":[{"href":"https:\/\/dicasempregos.cidadesbr.net.br\/vagas\/wp-json\/wp\/v2\/media?parent=7965"}],"wp:term":[{"taxonomy":"category","embeddable":true,"href":"https:\/\/dicasempregos.cidadesbr.net.br\/vagas\/wp-json\/wp\/v2\/categories?post=7965"},{"taxonomy":"post_tag","embeddable":true,"href":"https:\/\/dicasempregos.cidadesbr.net.br\/vagas\/wp-json\/wp\/v2\/tags?post=7965"}],"curies":[{"name":"wp","href":"https:\/\/api.w.org\/{rel}","templated":true}]}}