{"id":7287,"date":"2024-06-01T01:00:57","date_gmt":"2024-06-01T04:00:57","guid":{"rendered":"https:\/\/dicasempregos.cidadesbr.net.br\/vagas\/2024\/06\/01\/video-2-objetivo-no-curriculo-dicas-magicas-de-izabel-failde\/"},"modified":"2024-06-01T01:00:57","modified_gmt":"2024-06-01T04:00:57","slug":"video-2-objetivo-no-curriculo-dicas-magicas-de-izabel-failde","status":"publish","type":"post","link":"https:\/\/dicasempregos.cidadesbr.net.br\/vagas\/2024\/06\/01\/video-2-objetivo-no-curriculo-dicas-magicas-de-izabel-failde\/","title":{"rendered":"V\u00eddeo 2 &#8211; Objetivo no Curr\u00edculo &#8211; Dicas M\u00e1gicas de Izabel Failde"},"content":{"rendered":"<p><iframe loading=\"lazy\" width=\"580\" height=\"385\" src=\"https:\/\/www.youtube.com\/embed\/L4BtcTgtNv4?modestbranding=1\" frameborder=\"0\" allowfullscreen><\/iframe><br \/>\n<br \/>Voc\u00ea escreve claramente seu objetivo no <a href=\"https:\/\/dicasempregos.cidadesbr.net.br\/vagas\/2019\/11\/26\/como-montar-curriculo-pelo-aplicativo\/\" data-seo-automated-link-building=\"4\" title=\"Como montar curr\u00edculo pelo aplicativo\">curr\u00edculo<\/a>? O que acontece se voc\u00ea seo-automated-<a href=\"https:\/\/dicasempregos.cidadesbr.net.br\/vagas\/2019\/11\/14\/dicas-do-linkedin-sobre-o-uso-da-plataforma-na-area-da-saude\/\" data-seo-automated-link-building=\"3\" title=\"Dicas do LinkedIn sobre o uso da plataforma na \u00e1rea da sa\u00fade\">link<\/a>-building-1 fizer isso?<\/p>\n<p>Voc\u00ea \u00e9 meu convidado para o webinar de lan\u00e7amento do ebook &#8220;Gerencie sua pr\u00f3pria recoloca\u00e7\u00e3o profissional&#8221; dia 11\/12\/2014 \u00e0s 19h30, hor\u00e1rio de Bras\u00edlia.<\/p>\n<p>Garanta sua <a href=\"https:\/\/dicasempregos.cidadesbr.net.br\/vagas\/2019\/11\/21\/3-dicas-essenciais-para-buscar-vagas-de-emprego-na-internet\/\" data-seo-automated-link-building=\"1\" title=\"3 Dicas essenciais para buscar vagas de emprego na internet\">vaga<\/a>: o n\u00famero de participantes \u00e9 limitado!<\/p>\n<p>Quer ver os detalhes do ebook?<\/p>\n<p>Inscreva-se no blog para receber em primeira m\u00e3o nossas novidades, atualiza\u00e7\u00f5es, dicas e muito conte\u00fado gratuito para sua carreira profissional.<\/p>\n<p><\/p>\n","protected":false},"excerpt":{"rendered":"<p>Voc\u00ea escreve claramente seu objetivo no curr\u00edculo? O que acontece se voc\u00ea seo-automated-link-building-1 fizer isso? Voc\u00ea \u00e9 meu convidado para o webinar de lan\u00e7amento do ebook &#8220;Gerencie sua pr\u00f3pria recoloca\u00e7\u00e3o profissional&#8221; dia 11\/12\/2014 \u00e0s 19h30, hor\u00e1rio de Bras\u00edlia. Garanta sua vaga: o n\u00famero de participantes \u00e9 limitado! Quer ver os detalhes do ebook? Inscreva-se no &hellip;<\/p>\n<p class=\"read-more\"> <a class=\"\" href=\"https:\/\/dicasempregos.cidadesbr.net.br\/vagas\/2024\/06\/01\/video-2-objetivo-no-curriculo-dicas-magicas-de-izabel-failde\/\"> <span class=\"screen-reader-text\">V\u00eddeo 2 &#8211; Objetivo no Curr\u00edculo &#8211; Dicas M\u00e1gicas de Izabel Failde<\/span> Ler Mais &#8220;<\/a><\/p>\n","protected":false},"author":1,"featured_media":7288,"comment_status":"open","ping_status":"open","sticky":false,"template":"","format":"standard","meta":{"site-sidebar-layout":"default","site-content-layout":"default","ast-global-header-display":"","ast-main-header-display":"","ast-hfb-above-header-display":"","ast-hfb-below-header-display":"","ast-hfb-mobile-header-display":"","site-post-title":"","ast-breadcrumbs-content":"","ast-featured-img":"","footer-sml-layout":"","theme-transparent-header-meta":"","adv-header-id-meta":"","stick-header-meta":"","header-above-stick-meta":"","header-main-stick-meta":"","header-below-stick-meta":""},"categories":[2],"tags":[2160,54,602,15,17948,5879,17947,2624,1410],"_links":{"self":[{"href":"https:\/\/dicasempregos.cidadesbr.net.br\/vagas\/wp-json\/wp\/v2\/posts\/7287"}],"collection":[{"href":"https:\/\/dicasempregos.cidadesbr.net.br\/vagas\/wp-json\/wp\/v2\/posts"}],"about":[{"href":"https:\/\/dicasempregos.cidadesbr.net.br\/vagas\/wp-json\/wp\/v2\/types\/post"}],"author":[{"embeddable":true,"href":"https:\/\/dicasempregos.cidadesbr.net.br\/vagas\/wp-json\/wp\/v2\/users\/1"}],"replies":[{"embeddable":true,"href":"https:\/\/dicasempregos.cidadesbr.net.br\/vagas\/wp-json\/wp\/v2\/comments?post=7287"}],"version-history":[{"count":0,"href":"https:\/\/dicasempregos.cidadesbr.net.br\/vagas\/wp-json\/wp\/v2\/posts\/7287\/revisions"}],"wp:featuredmedia":[{"embeddable":true,"href":"https:\/\/dicasempregos.cidadesbr.net.br\/vagas\/wp-json\/wp\/v2\/media\/7288"}],"wp:attachment":[{"href":"https:\/\/dicasempregos.cidadesbr.net.br\/vagas\/wp-json\/wp\/v2\/media?parent=7287"}],"wp:term":[{"taxonomy":"category","embeddable":true,"href":"https:\/\/dicasempregos.cidadesbr.net.br\/vagas\/wp-json\/wp\/v2\/categories?post=7287"},{"taxonomy":"post_tag","embeddable":true,"href":"https:\/\/dicasempregos.cidadesbr.net.br\/vagas\/wp-json\/wp\/v2\/tags?post=7287"}],"curies":[{"name":"wp","href":"https:\/\/api.w.org\/{rel}","templated":true}]}}