{"id":6844,"date":"2024-02-10T16:31:44","date_gmt":"2024-02-10T19:31:44","guid":{"rendered":"https:\/\/dicasempregos.cidadesbr.net.br\/vagas\/2024\/02\/10\/como-fazer-boas-apresentacoes-e-falar-em-publico-debora-aladim\/"},"modified":"2024-02-10T16:31:44","modified_gmt":"2024-02-10T19:31:44","slug":"como-fazer-boas-apresentacoes-e-falar-em-publico-debora-aladim","status":"publish","type":"post","link":"https:\/\/dicasempregos.cidadesbr.net.br\/vagas\/2024\/02\/10\/como-fazer-boas-apresentacoes-e-falar-em-publico-debora-aladim\/","title":{"rendered":"COMO FAZER BOAS APRESENTA\u00c7\u00d5ES E FALAR EM P\u00daBLICO! &#8211; D\u00e9bora Aladim"},"content":{"rendered":"<p><iframe loading=\"lazy\" width=\"580\" height=\"385\" src=\"https:\/\/www.youtube.com\/embed\/Ded0NZyK_TE?modestbranding=1\" frameborder=\"0\" allowfullscreen><\/iframe><br \/>\n<br \/>Um v\u00eddeo mostrando <a href=\"https:\/\/dicasempregos.cidadesbr.net.br\/vagas\/2019\/11\/26\/como-montar-curriculo-pelo-aplicativo\/\" data-seo-automated-link-building=\"4\" title=\"Como montar curr\u00edculo pelo aplicativo\">como<\/a> seo-automated-<a href=\"https:\/\/dicasempregos.cidadesbr.net.br\/vagas\/2019\/11\/14\/dicas-do-linkedin-sobre-o-uso-da-plataforma-na-area-da-saude\/\" data-seo-automated-link-building=\"3\" title=\"Dicas do LinkedIn sobre o uso da plataforma na \u00e1rea da sa\u00fade\">link<\/a>-building-1 uma boa apresenta\u00e7\u00e3o de trabalho, de projeto, reuni\u00e3o, palestra, como dar uma boa aula e dicas para perder a vergonha de falar em p\u00fablico!<\/p>\n<p>Esse v\u00eddeo foi fruto de anos trabalhando com pessoas e espero que ajude! <\/p>\n<p>SE O V\u00cdDEO TE AJUDOU, COMPARTILHE E D\u00ca LIKE! Ajuda a valorizar o meu trabalho  <img src=\"data:image\/gif;base64,R0lGODdhAQABAPAAAP\/\/\/wAAACwAAAAAAQABAEACAkQBADs=\" data-lazy-src=\"https:\/\/dicasempregos.cidadesbr.net.br\/vagas\/wp-includes\/images\/smilies\/\ud83d\ude42\" alt=\":)\" class=\"wp-smiley\" \/> <\/p>\n<p>Deixe tamb\u00e9m dicas e sugest\u00f5es para pr\u00f3ximos v\u00eddeos nos coment\u00e1rios!<\/p>\n<p>@dedaaladim<\/p>\n<p>Contato profissional: profissional.aladim@outlook.com<br \/>\nPra gente conversar sobre a vida e afins: deda_aladim@hotmail.com<\/p>\n<p>Instagram:<br \/>\nTwitter:<br \/>\nFacebook:<br \/>\nSnapchat: @dedaaladim<\/p>\n<p>ME MANDE UM PRESENTE! \u2665<br \/>\nCaixa postal 1804<br \/>\nCEP 30331970<br \/>\nBelo Horizonte &#8211; MG<br \/><\/p>\n","protected":false},"excerpt":{"rendered":"<p>Um v\u00eddeo mostrando como seo-automated-link-building-1 uma boa apresenta\u00e7\u00e3o de trabalho, de projeto, reuni\u00e3o, palestra, como dar uma boa aula e dicas para perder a vergonha de falar em p\u00fablico! Esse v\u00eddeo foi fruto de anos trabalhando com pessoas e espero que ajude! SE O V\u00cdDEO TE AJUDOU, COMPARTILHE E D\u00ca LIKE! Ajuda a valorizar o &hellip;<\/p>\n<p class=\"read-more\"> <a class=\"\" href=\"https:\/\/dicasempregos.cidadesbr.net.br\/vagas\/2024\/02\/10\/como-fazer-boas-apresentacoes-e-falar-em-publico-debora-aladim\/\"> <span class=\"screen-reader-text\">COMO FAZER BOAS APRESENTA\u00c7\u00d5ES E FALAR EM P\u00daBLICO! &#8211; D\u00e9bora Aladim<\/span> Ler Mais &#8220;<\/a><\/p>\n","protected":false},"author":1,"featured_media":6845,"comment_status":"open","ping_status":"open","sticky":false,"template":"","format":"standard","meta":{"site-sidebar-layout":"default","site-content-layout":"default","ast-global-header-display":"","ast-main-header-display":"","ast-hfb-above-header-display":"","ast-hfb-below-header-display":"","ast-hfb-mobile-header-display":"","site-post-title":"","ast-breadcrumbs-content":"","ast-featured-img":"","footer-sml-layout":"","theme-transparent-header-meta":"","adv-header-id-meta":"","stick-header-meta":"","header-above-stick-meta":"","header-main-stick-meta":"","header-below-stick-meta":""},"categories":[2],"tags":[2519,16776,12614,144,7793,8770,16767,8768,16775,16770,1778,16774,16773,16771,16772,2518,8779,3176,16766,1047,9190,16768,2418,607,5548,8769,2718,16769],"_links":{"self":[{"href":"https:\/\/dicasempregos.cidadesbr.net.br\/vagas\/wp-json\/wp\/v2\/posts\/6844"}],"collection":[{"href":"https:\/\/dicasempregos.cidadesbr.net.br\/vagas\/wp-json\/wp\/v2\/posts"}],"about":[{"href":"https:\/\/dicasempregos.cidadesbr.net.br\/vagas\/wp-json\/wp\/v2\/types\/post"}],"author":[{"embeddable":true,"href":"https:\/\/dicasempregos.cidadesbr.net.br\/vagas\/wp-json\/wp\/v2\/users\/1"}],"replies":[{"embeddable":true,"href":"https:\/\/dicasempregos.cidadesbr.net.br\/vagas\/wp-json\/wp\/v2\/comments?post=6844"}],"version-history":[{"count":0,"href":"https:\/\/dicasempregos.cidadesbr.net.br\/vagas\/wp-json\/wp\/v2\/posts\/6844\/revisions"}],"wp:featuredmedia":[{"embeddable":true,"href":"https:\/\/dicasempregos.cidadesbr.net.br\/vagas\/wp-json\/wp\/v2\/media\/6845"}],"wp:attachment":[{"href":"https:\/\/dicasempregos.cidadesbr.net.br\/vagas\/wp-json\/wp\/v2\/media?parent=6844"}],"wp:term":[{"taxonomy":"category","embeddable":true,"href":"https:\/\/dicasempregos.cidadesbr.net.br\/vagas\/wp-json\/wp\/v2\/categories?post=6844"},{"taxonomy":"post_tag","embeddable":true,"href":"https:\/\/dicasempregos.cidadesbr.net.br\/vagas\/wp-json\/wp\/v2\/tags?post=6844"}],"curies":[{"name":"wp","href":"https:\/\/api.w.org\/{rel}","templated":true}]}}