{"id":4765,"date":"2022-08-17T10:00:06","date_gmt":"2022-08-17T13:00:06","guid":{"rendered":"https:\/\/dicasempregos.cidadesbr.net.br\/vagas\/2022\/08\/17\/1-minuto-com-paulo-gamine\/"},"modified":"2022-08-17T10:00:06","modified_gmt":"2022-08-17T13:00:06","slug":"1-minuto-com-paulo-gamine","status":"publish","type":"post","link":"https:\/\/dicasempregos.cidadesbr.net.br\/vagas\/2022\/08\/17\/1-minuto-com-paulo-gamine\/","title":{"rendered":"1 Minuto com Paulo Gamine"},"content":{"rendered":"<p><iframe loading=\"lazy\" width=\"580\" height=\"385\" src=\"https:\/\/www.youtube.com\/embed\/rDy9n5LVAcc?modestbranding=1\" frameborder=\"0\" allowfullscreen><\/iframe><br \/>\n<br \/>O Deputado Federal Paulo Ganime fala <a href=\"https:\/\/dicasempregos.cidadesbr.net.br\/vagas\/2019\/11\/14\/dicas-do-linkedin-sobre-o-uso-da-plataforma-na-area-da-saude\/\" data-seo-automated-link-building=\"3\" title=\"Dicas do LinkedIn sobre o uso da plataforma na \u00e1rea da sa\u00fade\">sobre<\/a> <a href=\"https:\/\/dicasempregos.cidadesbr.net.br\/vagas\/2019\/11\/26\/como-montar-curriculo-pelo-aplicativo\/\" data-seo-automated-link-building=\"4\" title=\"Como montar curr\u00edculo pelo aplicativo\">como<\/a> tratar a quest\u00e3o da mobilidade urbana como parlamentar e engenheiro<\/p>\n<p>Edi\u00e7\u00e3o: Hanna da Hora<br \/>\nCoordena\u00e7\u00e3o N\u00facleo WebTV Crea-RJ: Nato Kandhall<br \/>\nCoordena\u00e7\u00e3o de Comunica\u00e7\u00e3o: Lilia Costa<br \/>\nRealiza\u00e7\u00e3o: Conselho Regional de Engenharia e Agronomia do Rio de Janeiro &#8211; Crea-RJ<\/p>\n<p>Fique por dentro do que acontece no Conselho.<\/p>\n<p>Site:<br \/>\nFacebook:<br \/>\nInstagram:<br \/>\nLinkedIn:<br \/>\nYoutube: https:\/\/ www.youtube.com\/webtvcrearj<br \/><\/p>\n","protected":false},"excerpt":{"rendered":"<p>O Deputado Federal Paulo Ganime fala sobre como tratar a quest\u00e3o da mobilidade urbana como parlamentar e engenheiro Edi\u00e7\u00e3o: Hanna da Hora Coordena\u00e7\u00e3o N\u00facleo WebTV Crea-RJ: Nato Kandhall Coordena\u00e7\u00e3o de Comunica\u00e7\u00e3o: Lilia Costa Realiza\u00e7\u00e3o: Conselho Regional de Engenharia e Agronomia do Rio de Janeiro &#8211; Crea-RJ Fique por dentro do que acontece no Conselho. Site: &hellip;<\/p>\n<p class=\"read-more\"> <a class=\"\" href=\"https:\/\/dicasempregos.cidadesbr.net.br\/vagas\/2022\/08\/17\/1-minuto-com-paulo-gamine\/\"> <span class=\"screen-reader-text\">1 Minuto com Paulo Gamine<\/span> Ler Mais &#8220;<\/a><\/p>\n","protected":false},"author":1,"featured_media":4766,"comment_status":"open","ping_status":"open","sticky":false,"template":"","format":"standard","meta":{"site-sidebar-layout":"default","site-content-layout":"default","ast-global-header-display":"","ast-main-header-display":"","ast-hfb-above-header-display":"","ast-hfb-below-header-display":"","ast-hfb-mobile-header-display":"","site-post-title":"","ast-breadcrumbs-content":"","ast-featured-img":"","footer-sml-layout":"","theme-transparent-header-meta":"","adv-header-id-meta":"","stick-header-meta":"","header-above-stick-meta":"","header-main-stick-meta":"","header-below-stick-meta":""},"categories":[2],"tags":[2378,9176,5859,2403,4070,4074,4071,4075,4073,4072],"_links":{"self":[{"href":"https:\/\/dicasempregos.cidadesbr.net.br\/vagas\/wp-json\/wp\/v2\/posts\/4765"}],"collection":[{"href":"https:\/\/dicasempregos.cidadesbr.net.br\/vagas\/wp-json\/wp\/v2\/posts"}],"about":[{"href":"https:\/\/dicasempregos.cidadesbr.net.br\/vagas\/wp-json\/wp\/v2\/types\/post"}],"author":[{"embeddable":true,"href":"https:\/\/dicasempregos.cidadesbr.net.br\/vagas\/wp-json\/wp\/v2\/users\/1"}],"replies":[{"embeddable":true,"href":"https:\/\/dicasempregos.cidadesbr.net.br\/vagas\/wp-json\/wp\/v2\/comments?post=4765"}],"version-history":[{"count":0,"href":"https:\/\/dicasempregos.cidadesbr.net.br\/vagas\/wp-json\/wp\/v2\/posts\/4765\/revisions"}],"wp:featuredmedia":[{"embeddable":true,"href":"https:\/\/dicasempregos.cidadesbr.net.br\/vagas\/wp-json\/wp\/v2\/media\/4766"}],"wp:attachment":[{"href":"https:\/\/dicasempregos.cidadesbr.net.br\/vagas\/wp-json\/wp\/v2\/media?parent=4765"}],"wp:term":[{"taxonomy":"category","embeddable":true,"href":"https:\/\/dicasempregos.cidadesbr.net.br\/vagas\/wp-json\/wp\/v2\/categories?post=4765"},{"taxonomy":"post_tag","embeddable":true,"href":"https:\/\/dicasempregos.cidadesbr.net.br\/vagas\/wp-json\/wp\/v2\/tags?post=4765"}],"curies":[{"name":"wp","href":"https:\/\/api.w.org\/{rel}","templated":true}]}}