{"id":4755,"date":"2022-08-10T10:02:34","date_gmt":"2022-08-10T13:02:34","guid":{"rendered":"https:\/\/dicasempregos.cidadesbr.net.br\/vagas\/2022\/08\/10\/curriculo-para-atores-material-artistico-monologo-videobook-fotos-e-demo-reel-projetoator-175\/"},"modified":"2022-08-10T10:02:34","modified_gmt":"2022-08-10T13:02:34","slug":"curriculo-para-atores-material-artistico-monologo-videobook-fotos-e-demo-reel-projetoator-175","status":"publish","type":"post","link":"https:\/\/dicasempregos.cidadesbr.net.br\/vagas\/2022\/08\/10\/curriculo-para-atores-material-artistico-monologo-videobook-fotos-e-demo-reel-projetoator-175\/","title":{"rendered":"CURR\u00cdCULO PARA ATORES | Material art\u00edstico: Mon\u00f3logo, Videobook, Fotos e Demo Reel | ProjetoAtor 175"},"content":{"rendered":"<p><iframe loading=\"lazy\" width=\"580\" height=\"385\" src=\"https:\/\/www.youtube.com\/embed\/7Ki8usU3bv0?modestbranding=1\" frameborder=\"0\" allowfullscreen><\/iframe><br \/>\n<br \/>Or\u00e7amento para Demo Reel: projetoator@gmail.com<\/p>\n<p>Todas as minhas fotos mostradas s\u00e3o da fot\u00f3grafa Camila Vech. Procure ela pelo @camilavech<\/p>\n<p>Facebook:<br \/>\nTwitter:<br \/>\nInstagram: <\/p>\n<p>*** FA\u00c7A PARTE DA NOSSA COMUNIDADE &#8211; ENTRE NO NOSSO GRUPO DO FACEBOOK:  ***<br \/><\/p>\n","protected":false},"excerpt":{"rendered":"<p>Or\u00e7amento para Demo Reel: projetoator@gmail.com Todas as minhas fotos mostradas s\u00e3o da fot\u00f3grafa Camila Vech. Procure ela pelo @camilavech Facebook: Twitter: Instagram: *** FA\u00c7A PARTE DA NOSSA COMUNIDADE &#8211; ENTRE NO NOSSO GRUPO DO FACEBOOK: ***<\/p>\n","protected":false},"author":1,"featured_media":0,"comment_status":"open","ping_status":"open","sticky":false,"template":"","format":"standard","meta":{"site-sidebar-layout":"default","site-content-layout":"default","ast-global-header-display":"","ast-main-header-display":"","ast-hfb-above-header-display":"","ast-hfb-below-header-display":"","ast-hfb-mobile-header-display":"","site-post-title":"","ast-breadcrumbs-content":"","ast-featured-img":"","footer-sml-layout":"","theme-transparent-header-meta":"","adv-header-id-meta":"","stick-header-meta":"","header-above-stick-meta":"","header-main-stick-meta":"","header-below-stick-meta":""},"categories":[2],"tags":[],"_links":{"self":[{"href":"https:\/\/dicasempregos.cidadesbr.net.br\/vagas\/wp-json\/wp\/v2\/posts\/4755"}],"collection":[{"href":"https:\/\/dicasempregos.cidadesbr.net.br\/vagas\/wp-json\/wp\/v2\/posts"}],"about":[{"href":"https:\/\/dicasempregos.cidadesbr.net.br\/vagas\/wp-json\/wp\/v2\/types\/post"}],"author":[{"embeddable":true,"href":"https:\/\/dicasempregos.cidadesbr.net.br\/vagas\/wp-json\/wp\/v2\/users\/1"}],"replies":[{"embeddable":true,"href":"https:\/\/dicasempregos.cidadesbr.net.br\/vagas\/wp-json\/wp\/v2\/comments?post=4755"}],"version-history":[{"count":0,"href":"https:\/\/dicasempregos.cidadesbr.net.br\/vagas\/wp-json\/wp\/v2\/posts\/4755\/revisions"}],"wp:attachment":[{"href":"https:\/\/dicasempregos.cidadesbr.net.br\/vagas\/wp-json\/wp\/v2\/media?parent=4755"}],"wp:term":[{"taxonomy":"category","embeddable":true,"href":"https:\/\/dicasempregos.cidadesbr.net.br\/vagas\/wp-json\/wp\/v2\/categories?post=4755"},{"taxonomy":"post_tag","embeddable":true,"href":"https:\/\/dicasempregos.cidadesbr.net.br\/vagas\/wp-json\/wp\/v2\/tags?post=4755"}],"curies":[{"name":"wp","href":"https:\/\/api.w.org\/{rel}","templated":true}]}}