{"id":4055,"date":"2021-09-10T10:00:08","date_gmt":"2021-09-10T13:00:08","guid":{"rendered":"https:\/\/dicasempregos.cidadesbr.net.br\/vagas\/2021\/09\/10\/como-preparar-o-seu-curriculo-tambem-para-jovens-aprendizes\/"},"modified":"2021-09-10T10:00:08","modified_gmt":"2021-09-10T13:00:08","slug":"como-preparar-o-seu-curriculo-tambem-para-jovens-aprendizes","status":"publish","type":"post","link":"https:\/\/dicasempregos.cidadesbr.net.br\/vagas\/2021\/09\/10\/como-preparar-o-seu-curriculo-tambem-para-jovens-aprendizes\/","title":{"rendered":"COMO PREPARAR O SEU CURR\u00cdCULO | TAMB\u00c9M PARA JOVENS APRENDIZES"},"content":{"rendered":"<p><iframe loading=\"lazy\" width=\"580\" height=\"385\" src=\"https:\/\/www.youtube.com\/embed\/Kv-NSZOa2d4?modestbranding=1\" frameborder=\"0\" allowfullscreen><\/iframe><br \/>\n<br \/>Vai aqui algumas <a href=\"https:\/\/dicasempregos.cidadesbr.net.br\/vagas\/2019\/11\/14\/dicas-do-linkedin-sobre-o-uso-da-plataforma-na-area-da-saude\/\" data-seo-automated-link-building=\"3\" title=\"Dicas do LinkedIn sobre o uso da plataforma na \u00e1rea da sa\u00fade\">dicas<\/a> de <a href=\"https:\/\/dicasempregos.cidadesbr.net.br\/vagas\/2019\/11\/26\/como-montar-curriculo-pelo-aplicativo\/\" data-seo-automated-link-building=\"4\" title=\"Como montar curr\u00edculo pelo aplicativo\">como<\/a> <a href=\"https:\/\/dicasempregos.cidadesbr.net.br\/vagas\/2019\/11\/24\/o-que-nao-fazer-em-uma-entrevista-de-emprego\/\" data-seo-automated-link-building=\"2\" title=\"O QUE N\u00c3O FAZER EM UMA ENTREVISTA DE EMPREGO!\">fazer<\/a> o seu curr\u00edculo. Tanto para <a href=\"https:\/\/dicasempregos.cidadesbr.net.br\/vagas\/2019\/11\/21\/3-dicas-essenciais-para-buscar-vagas-de-emprego-na-internet\/\" data-seo-automated-link-building=\"1\" title=\"3 Dicas essenciais para buscar vagas de emprego na internet\">vagas<\/a> comuns quanto para jovens aprendizes! Dentre as dicas passei a linha de pensamento que se \u00e9 interessante seguir em um curr\u00edculo.<br \/>\nSe voc\u00eas tamb\u00e9m tem outras dicas\/informa\u00e7\u00f5es al\u00e9m dessas podem comentar aqui embaixo, pode ajudar outras pessoas!<\/p>\n<p>Meu nome \u00e9 Luciana Pavan, tenho 21 anos e sou jovem aprendiz pelo Senac atualmente. Na empresa onde trabalho eu auxilio o setor de RH.<\/p>\n<p>\u2799 Links \u21b4<br \/>\n* Modelo do curr\u00edculo:<br \/>\n* V\u00eddeo &#8220;COMO CONSEGUIR UMA VAGA DE JOVEM APRENDIZ | 7 DICAS&#8221;: <\/p>\n<p>\u2799 Minhas redes sociais \u21b4<br \/>\nInstagram&#038;Twitter: @lucianacpavan<br \/><\/p>\n","protected":false},"excerpt":{"rendered":"<p>Vai aqui algumas dicas de como fazer o seu curr\u00edculo. Tanto para vagas comuns quanto para jovens aprendizes! Dentre as dicas passei a linha de pensamento que se \u00e9 interessante seguir em um curr\u00edculo. Se voc\u00eas tamb\u00e9m tem outras dicas\/informa\u00e7\u00f5es al\u00e9m dessas podem comentar aqui embaixo, pode ajudar outras pessoas! Meu nome \u00e9 Luciana Pavan, &hellip;<\/p>\n<p class=\"read-more\"> <a class=\"\" href=\"https:\/\/dicasempregos.cidadesbr.net.br\/vagas\/2021\/09\/10\/como-preparar-o-seu-curriculo-tambem-para-jovens-aprendizes\/\"> <span class=\"screen-reader-text\">COMO PREPARAR O SEU CURR\u00cdCULO | TAMB\u00c9M PARA JOVENS APRENDIZES<\/span> Ler Mais &#8220;<\/a><\/p>\n","protected":false},"author":1,"featured_media":4056,"comment_status":"open","ping_status":"open","sticky":false,"template":"","format":"standard","meta":{"site-sidebar-layout":"default","site-content-layout":"default","ast-global-header-display":"","ast-main-header-display":"","ast-hfb-above-header-display":"","ast-hfb-below-header-display":"","ast-hfb-mobile-header-display":"","site-post-title":"","ast-breadcrumbs-content":"","ast-featured-img":"","footer-sml-layout":"","theme-transparent-header-meta":"","adv-header-id-meta":"","stick-header-meta":"","header-above-stick-meta":"","header-main-stick-meta":"","header-below-stick-meta":""},"categories":[2],"tags":[6140,144,54,5468,4114,1775,985,6136,942,1769,6138,6137,1045,1583,2234,6139],"_links":{"self":[{"href":"https:\/\/dicasempregos.cidadesbr.net.br\/vagas\/wp-json\/wp\/v2\/posts\/4055"}],"collection":[{"href":"https:\/\/dicasempregos.cidadesbr.net.br\/vagas\/wp-json\/wp\/v2\/posts"}],"about":[{"href":"https:\/\/dicasempregos.cidadesbr.net.br\/vagas\/wp-json\/wp\/v2\/types\/post"}],"author":[{"embeddable":true,"href":"https:\/\/dicasempregos.cidadesbr.net.br\/vagas\/wp-json\/wp\/v2\/users\/1"}],"replies":[{"embeddable":true,"href":"https:\/\/dicasempregos.cidadesbr.net.br\/vagas\/wp-json\/wp\/v2\/comments?post=4055"}],"version-history":[{"count":0,"href":"https:\/\/dicasempregos.cidadesbr.net.br\/vagas\/wp-json\/wp\/v2\/posts\/4055\/revisions"}],"wp:featuredmedia":[{"embeddable":true,"href":"https:\/\/dicasempregos.cidadesbr.net.br\/vagas\/wp-json\/wp\/v2\/media\/4056"}],"wp:attachment":[{"href":"https:\/\/dicasempregos.cidadesbr.net.br\/vagas\/wp-json\/wp\/v2\/media?parent=4055"}],"wp:term":[{"taxonomy":"category","embeddable":true,"href":"https:\/\/dicasempregos.cidadesbr.net.br\/vagas\/wp-json\/wp\/v2\/categories?post=4055"},{"taxonomy":"post_tag","embeddable":true,"href":"https:\/\/dicasempregos.cidadesbr.net.br\/vagas\/wp-json\/wp\/v2\/tags?post=4055"}],"curies":[{"name":"wp","href":"https:\/\/api.w.org\/{rel}","templated":true}]}}