{"id":3720,"date":"2021-04-05T10:00:09","date_gmt":"2021-04-05T13:00:09","guid":{"rendered":"https:\/\/dicasempregos.cidadesbr.net.br\/vagas\/2021\/04\/05\/ele-pediu-demissao-para-trabalhar-com-marketing-digital-entrevista-luana-e-rafael\/"},"modified":"2021-04-05T10:00:09","modified_gmt":"2021-04-05T13:00:09","slug":"ele-pediu-demissao-para-trabalhar-com-marketing-digital-entrevista-luana-e-rafael","status":"publish","type":"post","link":"https:\/\/dicasempregos.cidadesbr.net.br\/vagas\/2021\/04\/05\/ele-pediu-demissao-para-trabalhar-com-marketing-digital-entrevista-luana-e-rafael\/","title":{"rendered":"Ele PEDIU DEMISS\u00c3O para Trabalhar com Marketing Digital | Entrevista Luana e Rafael"},"content":{"rendered":"<p><iframe loading=\"lazy\" width=\"580\" height=\"385\" src=\"https:\/\/www.youtube.com\/embed\/CGpj8uKyOjQ?modestbranding=1\" frameborder=\"0\" allowfullscreen><\/iframe><br \/>\n<br \/>Ele pediu demiss\u00e3o pra trabalhar com Marketing Digital e Viver de Internet. Conhe\u00e7a a hist\u00f3ria do Rafael que largou o seo-automated-<a href=\"https:\/\/dicasempregos.cidadesbr.net.br\/vagas\/2019\/11\/14\/dicas-do-linkedin-sobre-o-uso-da-plataforma-na-area-da-saude\/\" data-seo-automated-link-building=\"3\" title=\"Dicas do LinkedIn sobre o uso da plataforma na \u00e1rea da sa\u00fade\">link<\/a>-building-1 para empreender online. Curso que ele fez para aprender a <a href=\"https:\/\/dicasempregos.cidadesbr.net.br\/vagas\/2019\/11\/24\/o-que-nao-fazer-em-uma-entrevista-de-emprego\/\" data-seo-automated-link-building=\"2\" title=\"O QUE N\u00c3O FAZER EM UMA ENTREVISTA DE EMPREGO!\">fazer<\/a> an\u00fancios <a href=\"https:\/\/dicasempregos.cidadesbr.net.br\/vagas\/2019\/11\/26\/como-montar-curriculo-pelo-aplicativo\/\" data-seo-automated-link-building=\"4\" title=\"Como montar curr\u00edculo pelo aplicativo\">como<\/a> afiliado: <\/p>\n<p>Participe do meu canal no Telegram para dicas exclusivas:<\/p>\n<p>Curso que ele fez para aprender a fazer an\u00fancios como afiliado: <\/p>\n<p>Imagina essa situa\u00e7\u00e3o:<\/p>\n<p>Voc\u00ea tem um emprego formal que muitos consideram \u201cemprego dos sonhos\u201d, uma carreira ascendente, um cargo respeitado, sal\u00e1rio de 5 d\u00edgitos, viagens internacionais, os melhores benef\u00edcios e de repente voc\u00ea percebe que aquele brilho nos olhos que voc\u00ea tinha por aquele trabalho est\u00e3o brilhando em uma outra dire\u00e7\u00e3o. <\/p>\n<p>A falta de liberdade come\u00e7a a te incomodar, as horas vendidas ja n\u00e3o valem mais a pena, as horas extras irritam e voc\u00ea come\u00e7a a ponderar um monte de coisas que n\u00e3o percebia, at\u00e9 que voc\u00ea toma uma decis\u00e3o que vai mudar a sua vida pra sempre. N\u00e3o ser mais CLT.<\/p>\n<p>Essa \u00e9 a hist\u00f3ria do meu marido, Rafael que pediu demiss\u00e3o da empresa que ele trabalhava pra empreender na internet. <\/p>\n<p>Eu sou suspeita pra falar, mas meu marido \u00e9 o cara mais inteligente que eu conhe\u00e7o. Sinceramente eu acho que essa mudan\u00e7a a\u00ed&#8230; vai dar muito certo! <\/p>\n<p>Eu pedi pro pessoal deixar perguntas pra ele l\u00e1 no Instagram. Inclusive se voc\u00ea n\u00e3o me segue no instagram, t\u00e1 vendo? L\u00e1 tem conte\u00fado todos os dias sobre mkt de afiliados e os paranau\u00ea tudo de intenet.  <\/p>\n<p>00:00 Sobre o que ser\u00e1 a entrevista<br \/>\n02:10 &#8211; O que fazia no seu antigo trabalho?<br \/>\n02:38 &#8211; Voc\u00ea gostava do seu trabalho?<br \/>\n02:53 &#8211; O que aconteceu pra voc\u00ea pedir demiss\u00e3o em plena pandemia?<br \/>\n06:28 &#8211; Quanto tempo demorou da decis\u00e3o a demiss\u00e3o?<br \/>\n10:55 &#8211; Quais cuidados voc\u00ea tomou pra fazer essa transi\u00e7\u00e3o?<br \/>\n16:58 &#8211; Como foi a rea\u00e7\u00e3o das pessoas quando pediu demiss\u00e3o?<br \/>\n19:34 &#8211; Qual ser\u00e1 a sua fun\u00e7\u00e3o no Fiquei sem crach\u00e1?<br \/>\n22:12 &#8211; J\u00e1 caiu a ficha que agora voc\u00ea \u00e9 um &#8220;sem crach\u00e1&#8221;?<br \/>\n22:19 &#8211; Qual est\u00e1 sendo a maior dificuldade agora?<br \/>\n23:30 &#8211; Voc\u00ea est\u00e1 estudando o FNO?<br \/>\n26:00 &#8211; Como administrar o trabalho em casa, com esposa, filho?<br \/>\n28:10 &#8211; Porque demorou tanto pra migrar da CLT para o digital?<\/p>\n<p>Ebook Gratis &#8211; 4 Passos Simples para Montar um Neg\u00f3cio Online:<\/p>\n<p>__<br \/>\nMeu Blog:<br \/>\nFacebook.<br \/>\nInstagram:<br \/>\nContato: <\/p>\n<p>Link do Canal: <\/p>\n<p>Link do V\u00eddeo: <\/p>\n<p>Tags &#8211; #LuanaFranco #FiqueiSemCracha #FormulaNegocioOnline<br \/><\/p>\n","protected":false},"excerpt":{"rendered":"<p>Ele pediu demiss\u00e3o pra trabalhar com Marketing Digital e Viver de Internet. Conhe\u00e7a a hist\u00f3ria do Rafael que largou o seo-automated-link-building-1 para empreender online. Curso que ele fez para aprender a fazer an\u00fancios como afiliado: Participe do meu canal no Telegram para dicas exclusivas: Curso que ele fez para aprender a fazer an\u00fancios como afiliado: &hellip;<\/p>\n<p class=\"read-more\"> <a class=\"\" href=\"https:\/\/dicasempregos.cidadesbr.net.br\/vagas\/2021\/04\/05\/ele-pediu-demissao-para-trabalhar-com-marketing-digital-entrevista-luana-e-rafael\/\"> <span class=\"screen-reader-text\">Ele PEDIU DEMISS\u00c3O para Trabalhar com Marketing Digital | Entrevista Luana e Rafael<\/span> Ler Mais &#8220;<\/a><\/p>\n","protected":false},"author":1,"featured_media":3721,"comment_status":"open","ping_status":"open","sticky":false,"template":"","format":"standard","meta":{"site-sidebar-layout":"default","site-content-layout":"default","ast-global-header-display":"","ast-main-header-display":"","ast-hfb-above-header-display":"","ast-hfb-below-header-display":"","ast-hfb-mobile-header-display":"","site-post-title":"","ast-breadcrumbs-content":"","ast-featured-img":"","footer-sml-layout":"","theme-transparent-header-meta":"","adv-header-id-meta":"","stick-header-meta":"","header-above-stick-meta":"","header-main-stick-meta":"","header-below-stick-meta":""},"categories":[2],"tags":[4867,2642,2269,4066,4876,5,4872,4874,4873,4883,4868,4887,4869,334,1062,3953,1045,4886,4884,4870,4879,2264,4740,4885,4881,4882,4871,4880,1818,4875,1262,4878,4877],"_links":{"self":[{"href":"https:\/\/dicasempregos.cidadesbr.net.br\/vagas\/wp-json\/wp\/v2\/posts\/3720"}],"collection":[{"href":"https:\/\/dicasempregos.cidadesbr.net.br\/vagas\/wp-json\/wp\/v2\/posts"}],"about":[{"href":"https:\/\/dicasempregos.cidadesbr.net.br\/vagas\/wp-json\/wp\/v2\/types\/post"}],"author":[{"embeddable":true,"href":"https:\/\/dicasempregos.cidadesbr.net.br\/vagas\/wp-json\/wp\/v2\/users\/1"}],"replies":[{"embeddable":true,"href":"https:\/\/dicasempregos.cidadesbr.net.br\/vagas\/wp-json\/wp\/v2\/comments?post=3720"}],"version-history":[{"count":0,"href":"https:\/\/dicasempregos.cidadesbr.net.br\/vagas\/wp-json\/wp\/v2\/posts\/3720\/revisions"}],"wp:featuredmedia":[{"embeddable":true,"href":"https:\/\/dicasempregos.cidadesbr.net.br\/vagas\/wp-json\/wp\/v2\/media\/3721"}],"wp:attachment":[{"href":"https:\/\/dicasempregos.cidadesbr.net.br\/vagas\/wp-json\/wp\/v2\/media?parent=3720"}],"wp:term":[{"taxonomy":"category","embeddable":true,"href":"https:\/\/dicasempregos.cidadesbr.net.br\/vagas\/wp-json\/wp\/v2\/categories?post=3720"},{"taxonomy":"post_tag","embeddable":true,"href":"https:\/\/dicasempregos.cidadesbr.net.br\/vagas\/wp-json\/wp\/v2\/tags?post=3720"}],"curies":[{"name":"wp","href":"https:\/\/api.w.org\/{rel}","templated":true}]}}