{"id":2619,"date":"2020-03-14T10:05:04","date_gmt":"2020-03-14T13:05:04","guid":{"rendered":"https:\/\/dicasempregos.cidadesbr.net.br\/vagas\/2020\/03\/14\/como-otimizar-imagens-para-o-google-felipeapereira-marketing-digital\/"},"modified":"2020-03-14T10:05:04","modified_gmt":"2020-03-14T13:05:04","slug":"como-otimizar-imagens-para-o-google-felipeapereira-marketing-digital","status":"publish","type":"post","link":"https:\/\/dicasempregos.cidadesbr.net.br\/vagas\/2020\/03\/14\/como-otimizar-imagens-para-o-google-felipeapereira-marketing-digital\/","title":{"rendered":"COMO OTIMIZAR IMAGENS PARA O GOOGLE? | @FelipeAPereira &#8211; Marketing Digital"},"content":{"rendered":"<p><iframe loading=\"lazy\" src=\"https:\/\/player.vimeo.com\/video\/378393244?title=0&amp;byline=0&amp;portrait=0&amp;badge=0&amp;autopause=0&amp;player_id=0&amp;app_id=163940\" width=\"560\" height=\"315\" frameborder=\"0\" allow=\"autoplay; fullscreen\" allowfullscreen title=\"COMO OTIMIZAR IMAGENS PARA O GOOGLE? | @FelipeAPereira - Marketing Digital\"><\/iframe><br \/>\n<br \/>O Google seo-automated-<a href=\"https:\/\/dicasempregos.cidadesbr.net.br\/vagas\/2019\/11\/14\/dicas-do-linkedin-sobre-o-uso-da-plataforma-na-area-da-saude\/\" data-seo-automated-link-building=\"3\" title=\"Dicas do LinkedIn sobre o uso da plataforma na \u00e1rea da sa\u00fade\">link<\/a>-building-1 l\u00ea imagens <a href=\"https:\/\/dicasempregos.cidadesbr.net.br\/vagas\/2019\/11\/26\/como-montar-curriculo-pelo-aplicativo\/\" data-seo-automated-link-building=\"4\" title=\"Como montar curr\u00edculo pelo aplicativo\">como<\/a> a gente. Mas, ent\u00e3o, como otimizar nossas imagens, pensando no SEO? Confira as dicas no v\u00eddeo e aplique imediatamente nas imagens do seu site!<br \/>\nConte\u00fados de marketing digital dispon\u00edveis em \u00e1udio, v\u00eddeo e texo. Siga, \u00e9 tudo @FelipeAPereira<\/p>\n<p>Instagram: https:\/\/instagram.com\/felipeapereira<br \/>\nFacebook: https:\/\/facebook.com\/felipeapereira<br \/>\nTwitter: https:\/\/twitter.com\/felipeapereira<br \/>\nLinkedIn: https:\/\/www.linkedin.com\/in\/felipeapereira\/<br \/>\nSite: https:\/\/agenciaibr.com.br | #marketingdigital<\/p>\n<p>Podcasts:<br \/>\nApple: https:\/\/podcasts.apple.com\/br\/podcast\/felipeapereira-marketing-digital\/id1487455934<br \/>\nSpotify: https:\/\/open.spotify.com\/show\/6xVnM7DFM1X5zPUcd7eGJ7<br \/>\nSoundcloud: https:\/\/soundcloud.com\/felipeapereira<br \/>\nDeezer: https:\/\/www.deezer.com\/br\/show\/665512<\/p>\n<p>Texto:<br \/>\nMedium: https:\/\/medium.com\/@felipeapereira <\/p>\n<p>V\u00eddeo:<br \/>\nYouTube: https:\/\/www.youtube.com\/channel\/UC7JD5RYTzEg-pW9xVXJ1siw<br \/>\nVimeo: https:\/\/vimeo.com\/felipeapereira<br \/>\n<br \/>Likes: 0<br \/>\n<br \/>Viewed: <\/p>\n","protected":false},"excerpt":{"rendered":"<p>O Google seo-automated-link-building-1 l\u00ea imagens como a gente. Mas, ent\u00e3o, como otimizar nossas imagens, pensando no SEO? Confira as dicas no v\u00eddeo e aplique imediatamente nas imagens do seu site! Conte\u00fados de marketing digital dispon\u00edveis em \u00e1udio, v\u00eddeo e texo. Siga, \u00e9 tudo @FelipeAPereira Instagram: https:\/\/instagram.com\/felipeapereira Facebook: https:\/\/facebook.com\/felipeapereira Twitter: https:\/\/twitter.com\/felipeapereira LinkedIn: https:\/\/www.linkedin.com\/in\/felipeapereira\/ Site: https:\/\/agenciaibr.com.br | &hellip;<\/p>\n<p class=\"read-more\"> <a class=\"\" href=\"https:\/\/dicasempregos.cidadesbr.net.br\/vagas\/2020\/03\/14\/como-otimizar-imagens-para-o-google-felipeapereira-marketing-digital\/\"> <span class=\"screen-reader-text\">COMO OTIMIZAR IMAGENS PARA O GOOGLE? | @FelipeAPereira &#8211; Marketing Digital<\/span> Ler Mais &#8220;<\/a><\/p>\n","protected":false},"author":1,"featured_media":2620,"comment_status":"open","ping_status":"open","sticky":false,"template":"","format":"standard","meta":{"site-sidebar-layout":"default","site-content-layout":"default","ast-global-header-display":"","ast-main-header-display":"","ast-hfb-above-header-display":"","ast-hfb-below-header-display":"","ast-hfb-mobile-header-display":"","site-post-title":"","ast-breadcrumbs-content":"","ast-featured-img":"","footer-sml-layout":"","theme-transparent-header-meta":"","adv-header-id-meta":"","stick-header-meta":"","header-above-stick-meta":"","header-main-stick-meta":"","header-below-stick-meta":""},"categories":[2],"tags":[],"_links":{"self":[{"href":"https:\/\/dicasempregos.cidadesbr.net.br\/vagas\/wp-json\/wp\/v2\/posts\/2619"}],"collection":[{"href":"https:\/\/dicasempregos.cidadesbr.net.br\/vagas\/wp-json\/wp\/v2\/posts"}],"about":[{"href":"https:\/\/dicasempregos.cidadesbr.net.br\/vagas\/wp-json\/wp\/v2\/types\/post"}],"author":[{"embeddable":true,"href":"https:\/\/dicasempregos.cidadesbr.net.br\/vagas\/wp-json\/wp\/v2\/users\/1"}],"replies":[{"embeddable":true,"href":"https:\/\/dicasempregos.cidadesbr.net.br\/vagas\/wp-json\/wp\/v2\/comments?post=2619"}],"version-history":[{"count":0,"href":"https:\/\/dicasempregos.cidadesbr.net.br\/vagas\/wp-json\/wp\/v2\/posts\/2619\/revisions"}],"wp:featuredmedia":[{"embeddable":true,"href":"https:\/\/dicasempregos.cidadesbr.net.br\/vagas\/wp-json\/wp\/v2\/media\/2620"}],"wp:attachment":[{"href":"https:\/\/dicasempregos.cidadesbr.net.br\/vagas\/wp-json\/wp\/v2\/media?parent=2619"}],"wp:term":[{"taxonomy":"category","embeddable":true,"href":"https:\/\/dicasempregos.cidadesbr.net.br\/vagas\/wp-json\/wp\/v2\/categories?post=2619"},{"taxonomy":"post_tag","embeddable":true,"href":"https:\/\/dicasempregos.cidadesbr.net.br\/vagas\/wp-json\/wp\/v2\/tags?post=2619"}],"curies":[{"name":"wp","href":"https:\/\/api.w.org\/{rel}","templated":true}]}}