{"id":2406,"date":"2020-02-07T21:00:07","date_gmt":"2020-02-08T00:00:07","guid":{"rendered":"https:\/\/dicasempregos.cidadesbr.net.br\/vagas\/2020\/02\/07\/berlinda-berlim-e-o-mundo-de-lingua-portuguesa\/"},"modified":"2020-02-07T21:00:07","modified_gmt":"2020-02-08T00:00:07","slug":"berlinda-berlim-e-o-mundo-de-lingua-portuguesa","status":"publish","type":"post","link":"https:\/\/dicasempregos.cidadesbr.net.br\/vagas\/2020\/02\/07\/berlinda-berlim-e-o-mundo-de-lingua-portuguesa\/","title":{"rendered":"BERLINDA &#8211; Berlim e o mundo de l\u00edngua portuguesa"},"content":{"rendered":"<p><iframe loading=\"lazy\" src=\"https:\/\/player.vimeo.com\/video\/113106380?title=0&amp;byline=0&amp;portrait=0&amp;badge=0&amp;autopause=0&amp;player_id=0&amp;app_id=163940\" width=\"560\" height=\"315\" frameborder=\"0\" allow=\"autoplay; fullscreen\" allowfullscreen title=\"BERLINDA - Berlim e o mundo de l&amp;iacute;ngua portuguesa\"><\/iframe><br \/>\n<br \/>A BERLINDA \u00e9 uma associa\u00e7\u00e3o cultural e de apoio social sem fins lucrativos para a comunidade de l\u00edngua portuguesa em Berlim. Foi criada em 2011, e registada em 2013.<\/p>\n<p>Atividades:<\/p>\n<p>\u2013 Publica\u00e7\u00e3o de um Magazine Cultural Online, <a href=\"https:\/\/dicasempregos.cidadesbr.net.br\/vagas\/2019\/11\/14\/dicas-do-linkedin-sobre-o-uso-da-plataforma-na-area-da-saude\/\" data-seo-automated-link-building=\"3\" title=\"Dicas do LinkedIn sobre o uso da plataforma na \u00e1rea da sa\u00fade\">sobre<\/a> Berlim e o mundo de l\u00edngua portuguesa, em portugu\u00eas e em alem\u00e3o, atualizado diariamente, com 17.000 leitores\/m\u00eas e 34.000 pageviews\/m\u00eas, 5.000 likes no Facebook.<br \/>\n\u2013 manuten\u00e7\u00e3o de um programa de Apoio Social e \u00e0 Integra\u00e7\u00e3o, a Berlinda Social, com aconselhamento e ajuda.<br \/>\n\u2013 p\u00e1gina internet da Berlinda Social para apoio \u00e0 integra\u00e7\u00e3o em Berlim e na Alemanha, gratuita e com informa\u00e7\u00f5es \u00fateis.<br \/>\n\u2013 Rede de Trocas \u2013 servi\u00e7o gratuito de troca de servi\u00e7os m\u00fatuos.<br \/>\n\u2013 Campanha Tempo e Livros de visitas a crian\u00e7as hospitalizadas.<br \/>\n\u2013 Cursos de Alem\u00e3o para Falantes de Portugu\u00eas, a pre\u00e7os simb\u00f3licos e especialmente criados para este grupo-alvo.<br \/>\n\u2013 Noites da Berlinda: s\u00e9rie de eventos culturais para divulga\u00e7\u00e3o das culturas dos pa\u00edses de l\u00edngua portuguesa, com m\u00fasica e espect\u00e1culos ao vivo, uma vez cada 2 meses, no Soda Salon da Kulturbrauerei Berlin.<br \/>\n\u2013 Festival Berlinda: festival internacional de culturas dos pa\u00edses de l\u00edngua portuguesa, de um m\u00eas de dura\u00e7\u00e3o. A primeira edi\u00e7\u00e3o foi em 2012, a 2.\u00aa est\u00e1 prevista para outubro de 2015.<br \/>\n\u2013 Berlinda Card: cart\u00e3o de descontos nas lojas, produtos e servi\u00e7os da comunidade de l\u00edngua portuguesa em Berlim.<\/p>\n<p>Curiosidades:<br \/>\nA Berlinda conta com uma equipa de seis pessoas a tempo inteiro, e ainda com toda uma rede de colaboradores.<br \/>\nA Berlinda aceita estagi\u00e1rios no \u00e2mbito do programa Erasmus + e tamb\u00e9m da rede dos Institutos de <a href=\"https:\/\/dicasempregos.cidadesbr.net.br\/vagas\/2019\/11\/21\/3-dicas-essenciais-para-buscar-vagas-de-emprego-na-internet\/\" data-seo-automated-link-building=\"1\" title=\"3 Dicas essenciais para buscar vagas de emprego na internet\">Emprego<\/a> de Portugal.<br \/>\nA dire\u00e7\u00e3o da Associa\u00e7\u00e3o \u00e9 de momento preenchida por uma portuguesa, uma brasileira e uma alem\u00e3.<\/p>\n<p>Contactos:<\/p>\n<p>Tel. 030 92407515<br \/>\nFax: 030 93 02 87 97<br \/>\nEmail: info@berlinda.org<br \/>\nBerliner Allee 132<br \/>\n13088 Berlin<\/p>\n<p>Atendimento ao p\u00fablico:<br \/>\nDias \u00fateis das 10 \u00e0s 15h<\/p>\n<p>Tram M4 \u2013 paragem Berliner Allee\/Indira-Ghandi-Strasse<br \/>\n(20 minutos desde a Alexanderplatz)<\/p>\n<p>www.berlinda.org<br \/>\n<br \/>Likes: 1<br \/>\n<br \/>Viewed: <\/p>\n","protected":false},"excerpt":{"rendered":"<p>A BERLINDA \u00e9 uma associa\u00e7\u00e3o cultural e de apoio social sem fins lucrativos para a comunidade de l\u00edngua portuguesa em Berlim. Foi criada em 2011, e registada em 2013. Atividades: \u2013 Publica\u00e7\u00e3o de um Magazine Cultural Online, sobre Berlim e o mundo de l\u00edngua portuguesa, em portugu\u00eas e em alem\u00e3o, atualizado diariamente, com 17.000 leitores\/m\u00eas &hellip;<\/p>\n<p class=\"read-more\"> <a class=\"\" href=\"https:\/\/dicasempregos.cidadesbr.net.br\/vagas\/2020\/02\/07\/berlinda-berlim-e-o-mundo-de-lingua-portuguesa\/\"> <span class=\"screen-reader-text\">BERLINDA &#8211; Berlim e o mundo de l\u00edngua portuguesa<\/span> Ler Mais &#8220;<\/a><\/p>\n","protected":false},"author":1,"featured_media":2407,"comment_status":"open","ping_status":"open","sticky":false,"template":"","format":"standard","meta":{"site-sidebar-layout":"default","site-content-layout":"default","ast-global-header-display":"","ast-main-header-display":"","ast-hfb-above-header-display":"","ast-hfb-below-header-display":"","ast-hfb-mobile-header-display":"","site-post-title":"","ast-breadcrumbs-content":"","ast-featured-img":"","footer-sml-layout":"","theme-transparent-header-meta":"","adv-header-id-meta":"","stick-header-meta":"","header-above-stick-meta":"","header-main-stick-meta":"","header-below-stick-meta":""},"categories":[2],"tags":[],"_links":{"self":[{"href":"https:\/\/dicasempregos.cidadesbr.net.br\/vagas\/wp-json\/wp\/v2\/posts\/2406"}],"collection":[{"href":"https:\/\/dicasempregos.cidadesbr.net.br\/vagas\/wp-json\/wp\/v2\/posts"}],"about":[{"href":"https:\/\/dicasempregos.cidadesbr.net.br\/vagas\/wp-json\/wp\/v2\/types\/post"}],"author":[{"embeddable":true,"href":"https:\/\/dicasempregos.cidadesbr.net.br\/vagas\/wp-json\/wp\/v2\/users\/1"}],"replies":[{"embeddable":true,"href":"https:\/\/dicasempregos.cidadesbr.net.br\/vagas\/wp-json\/wp\/v2\/comments?post=2406"}],"version-history":[{"count":0,"href":"https:\/\/dicasempregos.cidadesbr.net.br\/vagas\/wp-json\/wp\/v2\/posts\/2406\/revisions"}],"wp:featuredmedia":[{"embeddable":true,"href":"https:\/\/dicasempregos.cidadesbr.net.br\/vagas\/wp-json\/wp\/v2\/media\/2407"}],"wp:attachment":[{"href":"https:\/\/dicasempregos.cidadesbr.net.br\/vagas\/wp-json\/wp\/v2\/media?parent=2406"}],"wp:term":[{"taxonomy":"category","embeddable":true,"href":"https:\/\/dicasempregos.cidadesbr.net.br\/vagas\/wp-json\/wp\/v2\/categories?post=2406"},{"taxonomy":"post_tag","embeddable":true,"href":"https:\/\/dicasempregos.cidadesbr.net.br\/vagas\/wp-json\/wp\/v2\/tags?post=2406"}],"curies":[{"name":"wp","href":"https:\/\/api.w.org\/{rel}","templated":true}]}}