{"id":2015,"date":"2019-09-14T00:05:06","date_gmt":"2019-09-14T03:05:06","guid":{"rendered":"https:\/\/dicasempregos.cidadesbr.net.br\/vagas\/2019\/09\/14\/momento-do-estudante-dicas-para-curriculo\/"},"modified":"2019-09-14T00:05:06","modified_gmt":"2019-09-14T03:05:06","slug":"momento-do-estudante-dicas-para-curriculo","status":"publish","type":"post","link":"https:\/\/dicasempregos.cidadesbr.net.br\/vagas\/2019\/09\/14\/momento-do-estudante-dicas-para-curriculo\/","title":{"rendered":"Momento do Estudante &#8211; Dicas para Curr\u00edculo"},"content":{"rendered":"<p><iframe loading=\"lazy\" width=\"580\" height=\"385\" src=\"https:\/\/www.youtube.com\/embed\/0oHUsPEOfxk?modestbranding=1\" frameborder=\"0\" allowfullscreen><\/iframe><br \/>\n<br \/>\u00c1lvaro Junior d\u00e1 <a href=\"https:\/\/dicasempregos.cidadesbr.net.br\/vagas\/2019\/11\/14\/dicas-do-linkedin-sobre-o-uso-da-plataforma-na-area-da-saude\/\" data-seo-automated-link-building=\"3\" title=\"Dicas do LinkedIn sobre o uso da plataforma na \u00e1rea da sa\u00fade\">dicas<\/a> para quem quer <a href=\"https:\/\/dicasempregos.cidadesbr.net.br\/vagas\/2019\/11\/24\/o-que-nao-fazer-em-uma-entrevista-de-emprego\/\" data-seo-automated-link-building=\"2\" title=\"O QUE N\u00c3O FAZER EM UMA ENTREVISTA DE EMPREGO!\">fazer<\/a> um <a href=\"https:\/\/dicasempregos.cidadesbr.net.br\/vagas\/2019\/11\/26\/como-montar-curriculo-pelo-aplicativo\/\" data-seo-automated-link-building=\"4\" title=\"Como montar curr\u00edculo pelo aplicativo\">curr\u00edculo<\/a> e concorrer a uma <a href=\"https:\/\/dicasempregos.cidadesbr.net.br\/vagas\/2019\/11\/21\/3-dicas-essenciais-para-buscar-vagas-de-emprego-na-internet\/\" data-seo-automated-link-building=\"1\" title=\"3 Dicas essenciais para buscar vagas de emprego na internet\">vaga<\/a> de emprego.<\/p>\n<p>Apresentado por Alvaro J\u00fanior, Momento do Estudante com Liceu em Revista \u00e9 um quadro, do Programa Falando S\u00e9rio com Yuri Moura, que d\u00e1 dicas para os estudantes.<\/p>\n<p>EXIBIDO NO PROGRAMA FALANDO S\u00c9RIO DE 12\/12\/12<\/p>\n<p>www.programafalandoserio.com<br \/><\/p>\n","protected":false},"excerpt":{"rendered":"<p>\u00c1lvaro Junior d\u00e1 dicas para quem quer fazer um curr\u00edculo e concorrer a uma vaga de emprego. Apresentado por Alvaro J\u00fanior, Momento do Estudante com Liceu em Revista \u00e9 um quadro, do Programa Falando S\u00e9rio com Yuri Moura, que d\u00e1 dicas para os estudantes. EXIBIDO NO PROGRAMA FALANDO S\u00c9RIO DE 12\/12\/12 www.programafalandoserio.com<\/p>\n","protected":false},"author":1,"featured_media":2016,"comment_status":"open","ping_status":"open","sticky":false,"template":"","format":"standard","meta":{"site-sidebar-layout":"default","site-content-layout":"default","ast-global-header-display":"","ast-main-header-display":"","ast-hfb-above-header-display":"","ast-hfb-below-header-display":"","ast-hfb-mobile-header-display":"","site-post-title":"","ast-breadcrumbs-content":"","ast-featured-img":"","footer-sml-layout":"","theme-transparent-header-meta":"","adv-header-id-meta":"","stick-header-meta":"","header-above-stick-meta":"","header-main-stick-meta":"","header-below-stick-meta":""},"categories":[2],"tags":[],"_links":{"self":[{"href":"https:\/\/dicasempregos.cidadesbr.net.br\/vagas\/wp-json\/wp\/v2\/posts\/2015"}],"collection":[{"href":"https:\/\/dicasempregos.cidadesbr.net.br\/vagas\/wp-json\/wp\/v2\/posts"}],"about":[{"href":"https:\/\/dicasempregos.cidadesbr.net.br\/vagas\/wp-json\/wp\/v2\/types\/post"}],"author":[{"embeddable":true,"href":"https:\/\/dicasempregos.cidadesbr.net.br\/vagas\/wp-json\/wp\/v2\/users\/1"}],"replies":[{"embeddable":true,"href":"https:\/\/dicasempregos.cidadesbr.net.br\/vagas\/wp-json\/wp\/v2\/comments?post=2015"}],"version-history":[{"count":0,"href":"https:\/\/dicasempregos.cidadesbr.net.br\/vagas\/wp-json\/wp\/v2\/posts\/2015\/revisions"}],"wp:featuredmedia":[{"embeddable":true,"href":"https:\/\/dicasempregos.cidadesbr.net.br\/vagas\/wp-json\/wp\/v2\/media\/2016"}],"wp:attachment":[{"href":"https:\/\/dicasempregos.cidadesbr.net.br\/vagas\/wp-json\/wp\/v2\/media?parent=2015"}],"wp:term":[{"taxonomy":"category","embeddable":true,"href":"https:\/\/dicasempregos.cidadesbr.net.br\/vagas\/wp-json\/wp\/v2\/categories?post=2015"},{"taxonomy":"post_tag","embeddable":true,"href":"https:\/\/dicasempregos.cidadesbr.net.br\/vagas\/wp-json\/wp\/v2\/tags?post=2015"}],"curies":[{"name":"wp","href":"https:\/\/api.w.org\/{rel}","templated":true}]}}