{"id":2011,"date":"2019-09-12T13:05:07","date_gmt":"2019-09-12T16:05:07","guid":{"rendered":"https:\/\/dicasempregos.cidadesbr.net.br\/vagas\/2019\/09\/12\/o-que-e-e-como-elaborar-um-bom-video-curriculo\/"},"modified":"2019-09-12T13:05:07","modified_gmt":"2019-09-12T16:05:07","slug":"o-que-e-e-como-elaborar-um-bom-video-curriculo","status":"publish","type":"post","link":"https:\/\/dicasempregos.cidadesbr.net.br\/vagas\/2019\/09\/12\/o-que-e-e-como-elaborar-um-bom-video-curriculo\/","title":{"rendered":"O que \u00e9 e como elaborar um bom V\u00cdDEO CURR\u00cdCULO"},"content":{"rendered":"<p><iframe loading=\"lazy\" width=\"580\" height=\"385\" src=\"https:\/\/www.youtube.com\/embed\/aCVFGTKg8aM?modestbranding=1\" frameborder=\"0\" allowfullscreen><\/iframe><br \/>\n<br \/>Quer surpreender o recrutador na disputa por uma seo-automated-<a href=\"https:\/\/dicasempregos.cidadesbr.net.br\/vagas\/2019\/11\/14\/dicas-do-linkedin-sobre-o-uso-da-plataforma-na-area-da-saude\/\" data-seo-automated-link-building=\"3\" title=\"Dicas do LinkedIn sobre o uso da plataforma na \u00e1rea da sa\u00fade\">link<\/a>-building-1 de <a href=\"https:\/\/dicasempregos.cidadesbr.net.br\/vagas\/2019\/11\/24\/o-que-nao-fazer-em-uma-entrevista-de-emprego\/\" data-seo-automated-link-building=\"2\" title=\"O QUE N\u00c3O FAZER EM UMA ENTREVISTA DE EMPREGO!\">emprego<\/a>? Entenda o que \u00e9 e <a href=\"https:\/\/dicasempregos.cidadesbr.net.br\/vagas\/2019\/11\/26\/como-montar-curriculo-pelo-aplicativo\/\" data-seo-automated-link-building=\"4\" title=\"Como montar curr\u00edculo pelo aplicativo\">como<\/a> elaborar um bom v\u00eddeo curr\u00edculo! Quem explica \u00e9 a fundadora da ag\u00eancia TheL\u00edrios, Aline Loureiro.<\/p>\n<p>Vagas de emprego, est\u00e1gio e trainee: <\/p>\n<p>Gostou desse v\u00eddeo?<br \/>\n&#8211; &#8211; &#8211; &#8211; &#8211; &#8211; &#8211; &#8211; &#8211; &#8211; &#8211; &#8211; &#8211; &#8211; &#8211; &#8211; &#8211; &#8211; &#8211; &#8211; &#8211; &#8211; &#8211; &#8211; &#8211; &#8211; &#8211; &#8211; &#8211;<br \/>\nMarque como &#8220;Gostei&#8221;<br \/>\nDeixe seu coment\u00e1rio<br \/>\nCompartilhe com os amigos<br \/>\nSiga a FOLHA DIRIGIDA nas redes sociais<br \/>\n&#8211; &#8211; &#8211; &#8211; &#8211; &#8211; &#8211; &#8211; &#8211; &#8211; &#8211; &#8211; &#8211; &#8211; &#8211; &#8211; &#8211; &#8211; &#8211; &#8211; &#8211; &#8211; &#8211; &#8211; &#8211; &#8211; &#8211; &#8211; &#8211;<\/p>\n<p>FACE &#8211;<br \/>\nTWITTER &#8211;<br \/>\nYOUTUBE &#8211;<br \/>\nINSTAGRAM &#8211;<br \/><\/p>\n","protected":false},"excerpt":{"rendered":"<p>Quer surpreender o recrutador na disputa por uma seo-automated-link-building-1 de emprego? Entenda o que \u00e9 e como elaborar um bom v\u00eddeo curr\u00edculo! Quem explica \u00e9 a fundadora da ag\u00eancia TheL\u00edrios, Aline Loureiro. Vagas de emprego, est\u00e1gio e trainee: Gostou desse v\u00eddeo? &#8211; &#8211; &#8211; &#8211; &#8211; &#8211; &#8211; &#8211; &#8211; &#8211; &#8211; &#8211; &#8211; &#8211; &hellip;<\/p>\n<p class=\"read-more\"> <a class=\"\" href=\"https:\/\/dicasempregos.cidadesbr.net.br\/vagas\/2019\/09\/12\/o-que-e-e-como-elaborar-um-bom-video-curriculo\/\"> <span class=\"screen-reader-text\">O que \u00e9 e como elaborar um bom V\u00cdDEO CURR\u00cdCULO<\/span> Ler Mais &#8220;<\/a><\/p>\n","protected":false},"author":1,"featured_media":2012,"comment_status":"open","ping_status":"open","sticky":false,"template":"","format":"standard","meta":{"site-sidebar-layout":"default","site-content-layout":"default","ast-global-header-display":"","ast-main-header-display":"","ast-hfb-above-header-display":"","ast-hfb-below-header-display":"","ast-hfb-mobile-header-display":"","site-post-title":"","ast-breadcrumbs-content":"","ast-featured-img":"","footer-sml-layout":"","theme-transparent-header-meta":"","adv-header-id-meta":"","stick-header-meta":"","header-above-stick-meta":"","header-main-stick-meta":"","header-below-stick-meta":""},"categories":[2],"tags":[],"_links":{"self":[{"href":"https:\/\/dicasempregos.cidadesbr.net.br\/vagas\/wp-json\/wp\/v2\/posts\/2011"}],"collection":[{"href":"https:\/\/dicasempregos.cidadesbr.net.br\/vagas\/wp-json\/wp\/v2\/posts"}],"about":[{"href":"https:\/\/dicasempregos.cidadesbr.net.br\/vagas\/wp-json\/wp\/v2\/types\/post"}],"author":[{"embeddable":true,"href":"https:\/\/dicasempregos.cidadesbr.net.br\/vagas\/wp-json\/wp\/v2\/users\/1"}],"replies":[{"embeddable":true,"href":"https:\/\/dicasempregos.cidadesbr.net.br\/vagas\/wp-json\/wp\/v2\/comments?post=2011"}],"version-history":[{"count":0,"href":"https:\/\/dicasempregos.cidadesbr.net.br\/vagas\/wp-json\/wp\/v2\/posts\/2011\/revisions"}],"wp:featuredmedia":[{"embeddable":true,"href":"https:\/\/dicasempregos.cidadesbr.net.br\/vagas\/wp-json\/wp\/v2\/media\/2012"}],"wp:attachment":[{"href":"https:\/\/dicasempregos.cidadesbr.net.br\/vagas\/wp-json\/wp\/v2\/media?parent=2011"}],"wp:term":[{"taxonomy":"category","embeddable":true,"href":"https:\/\/dicasempregos.cidadesbr.net.br\/vagas\/wp-json\/wp\/v2\/categories?post=2011"},{"taxonomy":"post_tag","embeddable":true,"href":"https:\/\/dicasempregos.cidadesbr.net.br\/vagas\/wp-json\/wp\/v2\/tags?post=2011"}],"curies":[{"name":"wp","href":"https:\/\/api.w.org\/{rel}","templated":true}]}}