{"id":1955,"date":"2019-08-21T13:05:05","date_gmt":"2019-08-21T16:05:05","guid":{"rendered":"https:\/\/dicasempregos.cidadesbr.net.br\/vagas\/2019\/08\/21\/como-escrever-um-e-mail-formal-profissional-9-dicas\/"},"modified":"2019-08-21T13:05:05","modified_gmt":"2019-08-21T16:05:05","slug":"como-escrever-um-e-mail-formal-profissional-9-dicas","status":"publish","type":"post","link":"https:\/\/dicasempregos.cidadesbr.net.br\/vagas\/2019\/08\/21\/como-escrever-um-e-mail-formal-profissional-9-dicas\/","title":{"rendered":"COMO ESCREVER UM E-MAIL FORMAL \/ PROFISSIONAL | 9 DICAS"},"content":{"rendered":"<p><iframe loading=\"lazy\" width=\"580\" height=\"385\" src=\"https:\/\/www.youtube.com\/embed\/yYow1jSy4vE?modestbranding=1\" frameborder=\"0\" allowfullscreen><\/iframe><br \/>\n<br \/>Saber escrever um e-mail formal, s\u00e9rio, com uma cara profissional, \u00e9 importante se quisermos mandar e-mail para uma empresa, <a href=\"https:\/\/dicasempregos.cidadesbr.net.br\/vagas\/2019\/11\/26\/como-montar-curriculo-pelo-aplicativo\/\" data-seo-automated-link-building=\"4\" title=\"Como montar curr\u00edculo pelo aplicativo\">como<\/a> uma editora, ou para autores, booktubers, professores, etc., seja para enviar seu original, propor parceria ou pedir informa\u00e7\u00f5es.<\/p>\n<p>&#8212;&#8212;&#8212;&#8212;&#8212;&#8212;&#8212;&#8212;&#8212;&#8212;&#8212;&#8212;&#8212;&#8212;&#8212;&#8212;&#8212;&#8212;&#8212;&#8212;&#8212;-<br \/>\n\u25ba MEUS LIVROS:<\/p>\n<p>? A cria\u00e7\u00e3o do escritor: processos de caracteriza\u00e7\u00e3o de identidade do autor brasileiro contempor\u00e2neo: <\/p>\n<p>\u2022 Livro de sociologia da literatura que pretende responder \u00e0s perguntas: quem pode ser considerado escritor no Brasil contempor\u00e2neo? O que define essa identidade?<\/p>\n<p>\u2022 Baseado na minha monografia nota 10 no curso de Ci\u00eancias Sociais da UFF e com pref\u00e1cio do prof. Dr. Roberto Ac\u00edzelo de Souza.<\/p>\n<p>? Ao nosso her\u00f3i, um tiro no peito:  (gratuito)<\/p>\n<p>\u2022 Livro de fic\u00e7\u00e3o &#8211; distopia &#8211; ambientado num pa\u00eds fict\u00edcio dominado por uma ditadura militar, onde uma jovem de classe m\u00e9dia que acabou de ter o pai preso misteriosamente se v\u00ea obrigada a ajudar um grupo rebelde com um plano ambicioso e pol\u00eamico: matar o presidente para acabar com a ditadura.<\/p>\n<p>\u2022 Vencedor do Pr\u00eamio Wattys 2018.<\/p>\n<p>? Contos e poemas diversos e gratuitos: <\/p>\n<p>&#8212;&#8212;&#8212;&#8212;&#8212;&#8212;&#8212;&#8212;&#8212;&#8212;&#8212;&#8212;&#8212;&#8212;&#8212;&#8212;&#8212;&#8212;&#8212;&#8212;&#8212;-<\/p>\n<p>\u25ba MEUS CURSOS DE ESCRITA NA UDEMY:<\/p>\n<p>&#8212;&#8212;&#8212;&#8212;&#8212;&#8212;&#8212;&#8212;&#8212;&#8212;&#8212;&#8212;&#8212;&#8212;&#8212;&#8212;&#8212;&#8212;&#8212;&#8212;&#8212;-<\/p>\n<p>\u25ba LINKS AFILIADOS (voc\u00ea paga o pre\u00e7o normal e o Fic\u00e7omos recebe uma porcentagem)<\/p>\n<p>? Amazon:  (livros, ebooks, Kindle, etc.)<\/p>\n<p>? Cursos de escrita do Vilto Reis, escritor, editor e parceiro do Fic\u00e7omos:<\/p>\n<p>&#8211; Como escrever contos 2.0:<br \/>\n&#8211; Caminho do escritor: <\/p>\n<p>(site do Vilto pra quem quiser conhecer mais o trabalho dele: <\/p>\n<p>&#8212;&#8212;&#8212;&#8212;&#8212;&#8212;&#8212;&#8212;&#8212;&#8212;&#8212;&#8212;&#8212;&#8212;&#8212;&#8212;&#8212;&#8212;&#8212;&#8212;&#8212;-<\/p>\n<p>\u25ba CONTATO: wlangekeinde@outlook.com<\/p>\n<p>\u25ba Quer anunciar no Fic\u00e7omos? <\/p>\n<p>&#8212;&#8212;&#8212;&#8212;&#8212;&#8212;&#8212;&#8212;&#8212;&#8212;&#8212;&#8212;&#8212;&#8212;&#8212;&#8212;&#8212;&#8212;&#8212;&#8212;&#8212;-<br \/>\nMeu nome \u00e9 Wlange Keind\u00e9, sou escritora, poetisa, cientista social pela Universidade Federal Fluminense e estudante de roteiro na Escola de Cinema Darcy Ribeiro. Este \u00e9 o Fic\u00e7omos, um canal liter\u00e1rio para escritores. Criei o canal em 2014 para compartilhar minhas pesquisas e an\u00e1lises <a href=\"https:\/\/dicasempregos.cidadesbr.net.br\/vagas\/2019\/11\/14\/dicas-do-linkedin-sobre-o-uso-da-plataforma-na-area-da-saude\/\" data-seo-automated-link-building=\"3\" title=\"Dicas do LinkedIn sobre o uso da plataforma na \u00e1rea da sa\u00fade\">sobre<\/a> a arte de contar hist\u00f3rias e para divulgar minhas obras.<\/p>\n<p>Aqui voc\u00ea encontra conte\u00fados como dicas para escrever melhor, an\u00e1lises de livros cl\u00e1ssicos e contempor\u00e2neos, conceitos importantes para escritores, informa\u00e7\u00f5es sobre o mercado editorial, conceitos e dicas para poetas, informa\u00e7\u00f5es sobre a plataforma Wattpad, recomenda\u00e7\u00f5es de livros te\u00f3ricos para escritores e poetas, entre outros. Na aba &#8220;playlists&#8221;, voc\u00ea pode conferir os v\u00eddeos separados por tema. Espero que goste!<br \/><\/p>\n","protected":false},"excerpt":{"rendered":"<p>Saber escrever um e-mail formal, s\u00e9rio, com uma cara profissional, \u00e9 importante se quisermos mandar e-mail para uma empresa, como uma editora, ou para autores, booktubers, professores, etc., seja para enviar seu original, propor parceria ou pedir informa\u00e7\u00f5es. &#8212;&#8212;&#8212;&#8212;&#8212;&#8212;&#8212;&#8212;&#8212;&#8212;&#8212;&#8212;&#8212;&#8212;&#8212;&#8212;&#8212;&#8212;&#8212;&#8212;&#8212;- \u25ba MEUS LIVROS: ? A cria\u00e7\u00e3o do escritor: processos de caracteriza\u00e7\u00e3o de identidade do autor brasileiro &hellip;<\/p>\n<p class=\"read-more\"> <a class=\"\" href=\"https:\/\/dicasempregos.cidadesbr.net.br\/vagas\/2019\/08\/21\/como-escrever-um-e-mail-formal-profissional-9-dicas\/\"> <span class=\"screen-reader-text\">COMO ESCREVER UM E-MAIL FORMAL \/ PROFISSIONAL | 9 DICAS<\/span> Ler Mais &#8220;<\/a><\/p>\n","protected":false},"author":1,"featured_media":1956,"comment_status":"open","ping_status":"open","sticky":false,"template":"","format":"standard","meta":{"site-sidebar-layout":"default","site-content-layout":"default","ast-global-header-display":"","ast-main-header-display":"","ast-hfb-above-header-display":"","ast-hfb-below-header-display":"","ast-hfb-mobile-header-display":"","site-post-title":"","ast-breadcrumbs-content":"","ast-featured-img":"","footer-sml-layout":"","theme-transparent-header-meta":"","adv-header-id-meta":"","stick-header-meta":"","header-above-stick-meta":"","header-main-stick-meta":"","header-below-stick-meta":""},"categories":[2],"tags":[],"_links":{"self":[{"href":"https:\/\/dicasempregos.cidadesbr.net.br\/vagas\/wp-json\/wp\/v2\/posts\/1955"}],"collection":[{"href":"https:\/\/dicasempregos.cidadesbr.net.br\/vagas\/wp-json\/wp\/v2\/posts"}],"about":[{"href":"https:\/\/dicasempregos.cidadesbr.net.br\/vagas\/wp-json\/wp\/v2\/types\/post"}],"author":[{"embeddable":true,"href":"https:\/\/dicasempregos.cidadesbr.net.br\/vagas\/wp-json\/wp\/v2\/users\/1"}],"replies":[{"embeddable":true,"href":"https:\/\/dicasempregos.cidadesbr.net.br\/vagas\/wp-json\/wp\/v2\/comments?post=1955"}],"version-history":[{"count":0,"href":"https:\/\/dicasempregos.cidadesbr.net.br\/vagas\/wp-json\/wp\/v2\/posts\/1955\/revisions"}],"wp:featuredmedia":[{"embeddable":true,"href":"https:\/\/dicasempregos.cidadesbr.net.br\/vagas\/wp-json\/wp\/v2\/media\/1956"}],"wp:attachment":[{"href":"https:\/\/dicasempregos.cidadesbr.net.br\/vagas\/wp-json\/wp\/v2\/media?parent=1955"}],"wp:term":[{"taxonomy":"category","embeddable":true,"href":"https:\/\/dicasempregos.cidadesbr.net.br\/vagas\/wp-json\/wp\/v2\/categories?post=1955"},{"taxonomy":"post_tag","embeddable":true,"href":"https:\/\/dicasempregos.cidadesbr.net.br\/vagas\/wp-json\/wp\/v2\/tags?post=1955"}],"curies":[{"name":"wp","href":"https:\/\/api.w.org\/{rel}","templated":true}]}}