{"id":1857,"date":"2019-07-11T13:05:22","date_gmt":"2019-07-11T16:05:22","guid":{"rendered":"https:\/\/dicasempregos.cidadesbr.net.br\/vagas\/2019\/07\/11\/serie-arquiteto-em-busca-de-emprego-dicas-de-portfolio-e-perfil-de-linkedin\/"},"modified":"2019-07-11T13:05:22","modified_gmt":"2019-07-11T16:05:22","slug":"serie-arquiteto-em-busca-de-emprego-dicas-de-portfolio-e-perfil-de-linkedin","status":"publish","type":"post","link":"https:\/\/dicasempregos.cidadesbr.net.br\/vagas\/2019\/07\/11\/serie-arquiteto-em-busca-de-emprego-dicas-de-portfolio-e-perfil-de-linkedin\/","title":{"rendered":"S\u00e9rie Arquiteto em Busca de Emprego : Dicas de Portfolio e Perfil de LinkedIn"},"content":{"rendered":"<p><iframe loading=\"lazy\" width=\"580\" height=\"385\" src=\"https:\/\/www.youtube.com\/embed\/JA9F1NKIYzY?modestbranding=1\" frameborder=\"0\" allowfullscreen><\/iframe><br \/>\n<br \/>Segundo v\u00eddeo da s\u00e9rie em busca de seo-automated-<a href=\"https:\/\/dicasempregos.cidadesbr.net.br\/vagas\/2019\/11\/14\/dicas-do-linkedin-sobre-o-uso-da-plataforma-na-area-da-saude\/\" data-seo-automated-link-building=\"3\" title=\"Dicas do LinkedIn sobre o uso da plataforma na \u00e1rea da sa\u00fade\">link<\/a>-building-1. Seguem algumas dicas para elabora\u00e7\u00e3o de portfolio e cria\u00e7\u00e3o de perfil no LinkedIn. Esse v\u00eddeo trata se de fatores que sugiro serem considerados. Caso tenham  d\u00favidas quanto ao passo-a-passo para criar um perfil no LinkedIn, existem v\u00e1rios tutorias bem legais aqui mesmo no Youtube. Deem uma olhada  <img src=\"data:image\/gif;base64,R0lGODdhAQABAPAAAP\/\/\/wAAACwAAAAAAQABAEACAkQBADs=\" data-lazy-src=\"https:\/\/dicasempregos.cidadesbr.net.br\/vagas\/wp-includes\/images\/smilies\/\ud83d\ude42\" alt=\":)\" class=\"wp-smiley\" \/> <\/p>\n<p>Site do LinkedIn: <\/p>\n<p>Imagens de Portfolio usadas <a href=\"https:\/\/dicasempregos.cidadesbr.net.br\/vagas\/2019\/11\/26\/como-montar-curriculo-pelo-aplicativo\/\" data-seo-automated-link-building=\"4\" title=\"Como montar curr\u00edculo pelo aplicativo\">como<\/a> refer\u00eancia: Architecture Portofolio. Andrada Cezara Tudos\u0103<br \/><\/p>\n","protected":false},"excerpt":{"rendered":"<p>Segundo v\u00eddeo da s\u00e9rie em busca de seo-automated-link-building-1. Seguem algumas dicas para elabora\u00e7\u00e3o de portfolio e cria\u00e7\u00e3o de perfil no LinkedIn. Esse v\u00eddeo trata se de fatores que sugiro serem considerados. Caso tenham d\u00favidas quanto ao passo-a-passo para criar um perfil no LinkedIn, existem v\u00e1rios tutorias bem legais aqui mesmo no Youtube. Deem uma olhada &hellip;<\/p>\n<p class=\"read-more\"> <a class=\"\" href=\"https:\/\/dicasempregos.cidadesbr.net.br\/vagas\/2019\/07\/11\/serie-arquiteto-em-busca-de-emprego-dicas-de-portfolio-e-perfil-de-linkedin\/\"> <span class=\"screen-reader-text\">S\u00e9rie Arquiteto em Busca de Emprego : Dicas de Portfolio e Perfil de LinkedIn<\/span> Ler Mais &#8220;<\/a><\/p>\n","protected":false},"author":1,"featured_media":1858,"comment_status":"open","ping_status":"open","sticky":false,"template":"","format":"standard","meta":{"site-sidebar-layout":"default","site-content-layout":"default","ast-global-header-display":"","ast-main-header-display":"","ast-hfb-above-header-display":"","ast-hfb-below-header-display":"","ast-hfb-mobile-header-display":"","site-post-title":"","ast-breadcrumbs-content":"","ast-featured-img":"","footer-sml-layout":"","theme-transparent-header-meta":"","adv-header-id-meta":"","stick-header-meta":"","header-above-stick-meta":"","header-main-stick-meta":"","header-below-stick-meta":""},"categories":[2],"tags":[],"_links":{"self":[{"href":"https:\/\/dicasempregos.cidadesbr.net.br\/vagas\/wp-json\/wp\/v2\/posts\/1857"}],"collection":[{"href":"https:\/\/dicasempregos.cidadesbr.net.br\/vagas\/wp-json\/wp\/v2\/posts"}],"about":[{"href":"https:\/\/dicasempregos.cidadesbr.net.br\/vagas\/wp-json\/wp\/v2\/types\/post"}],"author":[{"embeddable":true,"href":"https:\/\/dicasempregos.cidadesbr.net.br\/vagas\/wp-json\/wp\/v2\/users\/1"}],"replies":[{"embeddable":true,"href":"https:\/\/dicasempregos.cidadesbr.net.br\/vagas\/wp-json\/wp\/v2\/comments?post=1857"}],"version-history":[{"count":0,"href":"https:\/\/dicasempregos.cidadesbr.net.br\/vagas\/wp-json\/wp\/v2\/posts\/1857\/revisions"}],"wp:featuredmedia":[{"embeddable":true,"href":"https:\/\/dicasempregos.cidadesbr.net.br\/vagas\/wp-json\/wp\/v2\/media\/1858"}],"wp:attachment":[{"href":"https:\/\/dicasempregos.cidadesbr.net.br\/vagas\/wp-json\/wp\/v2\/media?parent=1857"}],"wp:term":[{"taxonomy":"category","embeddable":true,"href":"https:\/\/dicasempregos.cidadesbr.net.br\/vagas\/wp-json\/wp\/v2\/categories?post=1857"},{"taxonomy":"post_tag","embeddable":true,"href":"https:\/\/dicasempregos.cidadesbr.net.br\/vagas\/wp-json\/wp\/v2\/tags?post=1857"}],"curies":[{"name":"wp","href":"https:\/\/api.w.org\/{rel}","templated":true}]}}