{"id":1824,"date":"2019-06-28T13:05:06","date_gmt":"2019-06-28T16:05:06","guid":{"rendered":"https:\/\/dicasempregos.cidadesbr.net.br\/vagas\/2019\/06\/28\/como-preparar-seu-curriculo-artistico-para-bailarinos-2\/"},"modified":"2019-06-28T13:05:06","modified_gmt":"2019-06-28T16:05:06","slug":"como-preparar-seu-curriculo-artistico-para-bailarinos-2","status":"publish","type":"post","link":"https:\/\/dicasempregos.cidadesbr.net.br\/vagas\/2019\/06\/28\/como-preparar-seu-curriculo-artistico-para-bailarinos-2\/","title":{"rendered":"Como preparar seu Curriculo Art\u00edstico. Para Bailarinos"},"content":{"rendered":"<p><iframe loading=\"lazy\" width=\"580\" height=\"385\" src=\"https:\/\/www.youtube.com\/embed\/CD1FEV7Z7lw?modestbranding=1\" frameborder=\"0\" allowfullscreen><\/iframe><br \/>\n<br \/>Oi Bailarinos!! O video de hoje \u00e9 super \u00fatil, mostrando <a href=\"https:\/\/dicasempregos.cidadesbr.net.br\/vagas\/2019\/11\/26\/como-montar-curriculo-pelo-aplicativo\/\" data-seo-automated-link-building=\"4\" title=\"Como montar curr\u00edculo pelo aplicativo\">como<\/a> preparar seu curriculo profissional para mandar para as companhias.<br \/>\nQualquer d\u00favida \u00e9 s\u00f3 comentar aqui embaixo.<br \/>\nArrasa nesse curriculo porque ele \u00e9 essencial na nossa profissao!<br \/>\nUm grande beijo e at\u00e9 maiiisss!!!<\/p>\n<p>FanPage Facebook:<br \/><\/p>\n","protected":false},"excerpt":{"rendered":"<p>Oi Bailarinos!! O video de hoje \u00e9 super \u00fatil, mostrando como preparar seu curriculo profissional para mandar para as companhias. Qualquer d\u00favida \u00e9 s\u00f3 comentar aqui embaixo. Arrasa nesse curriculo porque ele \u00e9 essencial na nossa profissao! Um grande beijo e at\u00e9 maiiisss!!! FanPage Facebook:<\/p>\n","protected":false},"author":1,"featured_media":1825,"comment_status":"open","ping_status":"open","sticky":false,"template":"","format":"standard","meta":{"site-sidebar-layout":"default","site-content-layout":"default","ast-global-header-display":"","ast-main-header-display":"","ast-hfb-above-header-display":"","ast-hfb-below-header-display":"","ast-hfb-mobile-header-display":"","site-post-title":"","ast-breadcrumbs-content":"","ast-featured-img":"","footer-sml-layout":"","theme-transparent-header-meta":"","adv-header-id-meta":"","stick-header-meta":"","header-above-stick-meta":"","header-main-stick-meta":"","header-below-stick-meta":""},"categories":[2],"tags":[],"_links":{"self":[{"href":"https:\/\/dicasempregos.cidadesbr.net.br\/vagas\/wp-json\/wp\/v2\/posts\/1824"}],"collection":[{"href":"https:\/\/dicasempregos.cidadesbr.net.br\/vagas\/wp-json\/wp\/v2\/posts"}],"about":[{"href":"https:\/\/dicasempregos.cidadesbr.net.br\/vagas\/wp-json\/wp\/v2\/types\/post"}],"author":[{"embeddable":true,"href":"https:\/\/dicasempregos.cidadesbr.net.br\/vagas\/wp-json\/wp\/v2\/users\/1"}],"replies":[{"embeddable":true,"href":"https:\/\/dicasempregos.cidadesbr.net.br\/vagas\/wp-json\/wp\/v2\/comments?post=1824"}],"version-history":[{"count":0,"href":"https:\/\/dicasempregos.cidadesbr.net.br\/vagas\/wp-json\/wp\/v2\/posts\/1824\/revisions"}],"wp:featuredmedia":[{"embeddable":true,"href":"https:\/\/dicasempregos.cidadesbr.net.br\/vagas\/wp-json\/wp\/v2\/media\/1825"}],"wp:attachment":[{"href":"https:\/\/dicasempregos.cidadesbr.net.br\/vagas\/wp-json\/wp\/v2\/media?parent=1824"}],"wp:term":[{"taxonomy":"category","embeddable":true,"href":"https:\/\/dicasempregos.cidadesbr.net.br\/vagas\/wp-json\/wp\/v2\/categories?post=1824"},{"taxonomy":"post_tag","embeddable":true,"href":"https:\/\/dicasempregos.cidadesbr.net.br\/vagas\/wp-json\/wp\/v2\/tags?post=1824"}],"curies":[{"name":"wp","href":"https:\/\/api.w.org\/{rel}","templated":true}]}}